{"id":12876,"date":"2015-05-04T17:29:34","date_gmt":"2015-05-04T17:29:34","guid":{"rendered":"http:\/\/tierhof-straelen.de\/wp\/?p=12876"},"modified":"2015-05-04T17:29:34","modified_gmt":"2015-05-04T17:29:34","slug":"tritte-schlage-stromstose","status":"publish","type":"post","link":"https:\/\/tierhof-straelen.de\/wp\/?p=12876","title":{"rendered":"Tritte, Schl\u00e4ge, Stromst\u00f6\u00dfe"},"content":{"rendered":"<p>Wegen Versto&szlig;es gegen das Tierschutzgesetz verurteilte das Amtsgericht K&ouml;ln im M&auml;rz drei Mitglieder des Vereins f&uuml;r Deutsche Sch&auml;ferhunde (SV) der Ortsgruppe K&ouml;ln-Worringen zu Bu&szlig;geldern in dreistelliger H&ouml;he.<font color=\"black\" face=\"arial\" size=\"2\"><br \/>\n\t&nbsp;<br \/>\n\t<font size=\"2\"><a href=\"http:\/\/www.express.de\/koeln\/tritte--schlaege--stromstoesse-koelner-gericht-verurteilt-drei-brutale-hundequaeler,2856,30545988.html?dmcid=sm_fb\" target=\"_blank\">http:\/\/www.express.de\/koeln\/<wbr>tritte&#8211;schlaege&#8211;<wbr>stromstoesse-koelner-gericht-<wbr>verurteilt-drei-brutale-<wbr>hundequaeler,2856,30545988.<wbr>html?dmcid=sm_fb<\/wbr><\/wbr><\/wbr><\/wbr><\/wbr><\/a>&nbsp;<\/font><br \/>\n\t<\/font><\/p>\n","protected":false},"excerpt":{"rendered":"<p>Wegen Versto&szlig;es gegen das Tierschutzgesetz verurteilte das Amtsgericht K&ouml;ln im M&auml;rz drei Mitglieder des Vereins f&uuml;r Deutsche Sch&auml;ferhunde (SV) der Ortsgruppe K&ouml;ln-Worringen zu Bu&szlig;geldern in dreistelliger H&ouml;he. &nbsp; http:\/\/www.express.de\/koeln\/tritte&#8211;schlaege&#8211;stromstoesse-koelner-gericht-verurteilt-drei-brutale-hundequaeler,2856,30545988.html?dmcid=sm_fb&nbsp;<\/p>\n","protected":false},"author":1,"featured_media":0,"comment_status":"open","ping_status":"open","sticky":false,"template":"","format":"standard","meta":{"_uag_custom_page_level_css":"","ngg_post_thumbnail":0,"footnotes":""},"categories":[1],"tags":[],"class_list":["post-12876","post","type-post","status-publish","format-standard","hentry","category-allgemein"],"uagb_featured_image_src":{"full":false,"thumbnail":false,"medium":false,"medium_large":false,"large":false,"1536x1536":false,"2048x2048":false,"widget":false,"square":false,"featured":false,"featured_large":false,"extra_large":false,"portfolio":false,"portfolio_small":false,"gallery":false,"magazine":false,"masonry":false,"entry_with_sidebar":false,"entry_without_sidebar":false},"uagb_author_info":{"display_name":"admin","author_link":"https:\/\/tierhof-straelen.de\/wp\/?author=1"},"uagb_comment_info":0,"uagb_excerpt":"Wegen Versto&szlig;es gegen das Tierschutzgesetz verurteilte das Amtsgericht K&ouml;ln im M&auml;rz drei Mitglieder des Vereins f&uuml;r Deutsche Sch&auml;ferhunde (SV) der Ortsgruppe K&ouml;ln-Worringen zu Bu&szlig;geldern in dreistelliger H&ouml;he. &nbsp; http:\/\/www.express.de\/koeln\/tritte&#8211;schlaege&#8211;stromstoesse-koelner-gericht-verurteilt-drei-brutale-hundequaeler,2856,30545988.html?dmcid=sm_fb&nbsp;","_links":{"self":[{"href":"https:\/\/tierhof-straelen.de\/wp\/index.php?rest_route=\/wp\/v2\/posts\/12876","targetHints":{"allow":["GET"]}}],"collection":[{"href":"https:\/\/tierhof-straelen.de\/wp\/index.php?rest_route=\/wp\/v2\/posts"}],"about":[{"href":"https:\/\/tierhof-straelen.de\/wp\/index.php?rest_route=\/wp\/v2\/types\/post"}],"author":[{"embeddable":true,"href":"https:\/\/tierhof-straelen.de\/wp\/index.php?rest_route=\/wp\/v2\/users\/1"}],"replies":[{"embeddable":true,"href":"https:\/\/tierhof-straelen.de\/wp\/index.php?rest_route=%2Fwp%2Fv2%2Fcomments&post=12876"}],"version-history":[{"count":3,"href":"https:\/\/tierhof-straelen.de\/wp\/index.php?rest_route=\/wp\/v2\/posts\/12876\/revisions"}],"predecessor-version":[{"id":12879,"href":"https:\/\/tierhof-straelen.de\/wp\/index.php?rest_route=\/wp\/v2\/posts\/12876\/revisions\/12879"}],"wp:attachment":[{"href":"https:\/\/tierhof-straelen.de\/wp\/index.php?rest_route=%2Fwp%2Fv2%2Fmedia&parent=12876"}],"wp:term":[{"taxonomy":"category","embeddable":true,"href":"https:\/\/tierhof-straelen.de\/wp\/index.php?rest_route=%2Fwp%2Fv2%2Fcategories&post=12876"},{"taxonomy":"post_tag","embeddable":true,"href":"https:\/\/tierhof-straelen.de\/wp\/index.php?rest_route=%2Fwp%2Fv2%2Ftags&post=12876"}],"curies":[{"name":"wp","href":"https:\/\/api.w.org\/{rel}","templated":true}]}}