{"id":13601,"date":"2016-01-29T13:44:02","date_gmt":"2016-01-29T13:44:02","guid":{"rendered":"http:\/\/tierhof-straelen.de\/wp\/?p=13601"},"modified":"2019-03-12T10:11:31","modified_gmt":"2019-03-12T09:11:31","slug":"ronja-22-09-2003-09-10-2015","status":"publish","type":"post","link":"https:\/\/tierhof-straelen.de\/wp\/?p=13601","title":{"rendered":"Ronja * 22.09.2003  + 09.10.2015"},"content":{"rendered":"<p class=\"MsoNormal\"><b><span style=\"font-size: 14.0pt; line-height: 115%;\">Der letzte Gang<\/span><\/b><\/p>\n<p class=\"MsoNormal\">&nbsp;<\/p>\n<p class=\"MsoNormal\">An diesem Tag &#8211; mehr als jemals geschehen \u2013<\/p>\n<p class=\"MsoNormal\">mu\u00df Deine Freundschaft das Schwerste bestehen.<\/p>\n<p class=\"MsoNormal\">Ich kann nicht bleiben, ich muss nun gehn&#8230;<\/p>\n<p class=\"MsoNormal\">&nbsp;<\/p>\n<p class=\"MsoNormal\">Du m\u00f6chtest doch nicht, da\u00df ich leide dabei.<\/p>\n<p class=\"MsoNormal\">Drum gib, wenn die Zeit kommt, bitte mich frei.<\/p>\n<p class=\"MsoNormal\">&nbsp;<\/p>\n<p class=\"MsoNormal\">Begleite mich dahin, wohin ich gehen mu\u00df.<\/p>\n<p class=\"MsoNormal\">Nur &#8211; bitte bleibe bei mir bis zum Schlu\u00df.<\/p>\n<p class=\"MsoNormal\">&nbsp;<\/p>\n<p class=\"MsoNormal\">Und halte mich fest und red mir gut zu,<\/p>\n<p class=\"MsoNormal\">bis meine Augen kommen zur Ruh.<\/p>\n<p class=\"MsoNormal\"><a href=\"https:\/\/tierhof-straelen.de\/wp\/?attachment_id=13604\" rel=\"attachment wp-att-13604\"><img loading=\"lazy\" decoding=\"async\" class=\"alignleft size-medium wp-image-13604\" title=\"Ronja1\" src=\"https:\/\/tierhof-straelen.de\/wp\/wp-content\/uploads\/Ronja1-300x225.jpg\" alt=\"\" width=\"369\" height=\"277\" srcset=\"https:\/\/tierhof-straelen.de\/wp\/wp-content\/uploads\/Ronja1-300x225.jpg 300w, https:\/\/tierhof-straelen.de\/wp\/wp-content\/uploads\/Ronja1-1024x768.jpg 1024w\" sizes=\"auto, (max-width: 369px) 100vw, 369px\" \/><\/a><a href=\"https:\/\/tierhof-straelen.de\/wp\/?attachment_id=13605\" rel=\"attachment wp-att-13605\"><img loading=\"lazy\" decoding=\"async\" class=\"alignleft size-medium wp-image-13605\" title=\"Ronja2\" src=\"https:\/\/tierhof-straelen.de\/wp\/wp-content\/uploads\/Ronja2-300x225.jpg\" alt=\"\" width=\"369\" height=\"277\" srcset=\"https:\/\/tierhof-straelen.de\/wp\/wp-content\/uploads\/Ronja2-300x225.jpg 300w, https:\/\/tierhof-straelen.de\/wp\/wp-content\/uploads\/Ronja2-1024x768.jpg 1024w\" sizes=\"auto, (max-width: 369px) 100vw, 369px\" \/><\/a><\/p>\n<p class=\"MsoNormal\">&nbsp;<\/p>\n<p>&nbsp;<\/p>\n<p>&nbsp;<\/p>\n<p>&nbsp;<\/p>\n<p>&nbsp;<\/p>\n<p>&nbsp;<\/p>\n<p>&nbsp;<\/p>\n<p>&nbsp;<\/p>\n<p class=\"MsoNormal\">Ronja kam im August 2013 zu uns und konnte direkt bei Inge und Kalle einziehen. Nachdem ihre Vorbesitzerin zum Pflegefall wurde konnte sie ihren Lebensabend bei den beiden zusammen mit Jimmy und Grisu verbringen.&nbsp;<\/p>\n<p class=\"MsoNormal\">&nbsp; &nbsp; &nbsp; &nbsp; &nbsp; &nbsp; &nbsp; &nbsp; &nbsp;&nbsp;<\/p>\n<p class=\"MsoNormal\">&nbsp;<\/p>\n<p class=\"MsoNormal\">&nbsp;<\/p>\n","protected":false},"excerpt":{"rendered":"<p>Der letzte Gang &nbsp; An diesem Tag &#8211; mehr als jemals geschehen \u2013 mu\u00df Deine Freundschaft das Schwerste bestehen. Ich kann nicht bleiben, ich muss nun gehn&#8230; &nbsp; Du m\u00f6chtest doch nicht, da\u00df ich leide dabei. Drum gib, wenn die Zeit kommt, bitte mich frei. &nbsp; Begleite mich dahin, wohin ich gehen mu\u00df. Nur &#8211; [&hellip;]<\/p>\n","protected":false},"author":1,"featured_media":13604,"comment_status":"open","ping_status":"open","sticky":false,"template":"","format":"standard","meta":{"_uag_custom_page_level_css":"","ngg_post_thumbnail":0,"footnotes":""},"categories":[1,14],"tags":[],"class_list":["post-13601","post","type-post","status-publish","format-standard","has-post-thumbnail","hentry","category-allgemein","category-memories"],"uagb_featured_image_src":{"full":["https:\/\/tierhof-straelen.de\/wp\/wp-content\/uploads\/Ronja1.jpg",3264,2448,false],"thumbnail":["https:\/\/tierhof-straelen.de\/wp\/wp-content\/uploads\/Ronja1-85x85.jpg",80,80,true],"medium":["https:\/\/tierhof-straelen.de\/wp\/wp-content\/uploads\/Ronja1-300x225.jpg",300,225,true],"medium_large":["https:\/\/tierhof-straelen.de\/wp\/wp-content\/uploads\/Ronja1.jpg",768,576,false],"large":["https:\/\/tierhof-straelen.de\/wp\/wp-content\/uploads\/Ronja1-1024x768.jpg",1024,768,true],"1536x1536":["https:\/\/tierhof-straelen.de\/wp\/wp-content\/uploads\/Ronja1.jpg",1536,1152,false],"2048x2048":["https:\/\/tierhof-straelen.de\/wp\/wp-content\/uploads\/Ronja1.jpg",2048,1536,false],"widget":["https:\/\/tierhof-straelen.de\/wp\/wp-content\/uploads\/Ronja1.jpg",36,27,false],"square":["https:\/\/tierhof-straelen.de\/wp\/wp-content\/uploads\/Ronja1.jpg",180,135,false],"featured":["https:\/\/tierhof-straelen.de\/wp\/wp-content\/uploads\/Ronja1.jpg",573,430,false],"featured_large":["https:\/\/tierhof-straelen.de\/wp\/wp-content\/uploads\/Ronja1.jpg",840,630,false],"extra_large":["https:\/\/tierhof-straelen.de\/wp\/wp-content\/uploads\/Ronja1.jpg",1500,1125,false],"portfolio":["https:\/\/tierhof-straelen.de\/wp\/wp-content\/uploads\/Ronja1.jpg",495,371,false],"portfolio_small":["https:\/\/tierhof-straelen.de\/wp\/wp-content\/uploads\/Ronja1.jpg",247,185,false],"gallery":["https:\/\/tierhof-straelen.de\/wp\/wp-content\/uploads\/Ronja1.jpg",845,634,false],"magazine":["https:\/\/tierhof-straelen.de\/wp\/wp-content\/uploads\/Ronja1.jpg",500,375,false],"masonry":["https:\/\/tierhof-straelen.de\/wp\/wp-content\/uploads\/Ronja1.jpg",705,529,false],"entry_with_sidebar":["https:\/\/tierhof-straelen.de\/wp\/wp-content\/uploads\/Ronja1.jpg",428,321,false],"entry_without_sidebar":["https:\/\/tierhof-straelen.de\/wp\/wp-content\/uploads\/Ronja1.jpg",564,423,false]},"uagb_author_info":{"display_name":"admin","author_link":"https:\/\/tierhof-straelen.de\/wp\/?author=1"},"uagb_comment_info":0,"uagb_excerpt":"Der letzte Gang &nbsp; An diesem Tag &#8211; mehr als jemals geschehen \u2013 mu\u00df Deine Freundschaft das Schwerste bestehen. Ich kann nicht bleiben, ich muss nun gehn&#8230; &nbsp; Du m\u00f6chtest doch nicht, da\u00df ich leide dabei. Drum gib, wenn die Zeit kommt, bitte mich frei. &nbsp; Begleite mich dahin, wohin ich gehen mu\u00df. Nur &#8211;&hellip;","_links":{"self":[{"href":"https:\/\/tierhof-straelen.de\/wp\/index.php?rest_route=\/wp\/v2\/posts\/13601","targetHints":{"allow":["GET"]}}],"collection":[{"href":"https:\/\/tierhof-straelen.de\/wp\/index.php?rest_route=\/wp\/v2\/posts"}],"about":[{"href":"https:\/\/tierhof-straelen.de\/wp\/index.php?rest_route=\/wp\/v2\/types\/post"}],"author":[{"embeddable":true,"href":"https:\/\/tierhof-straelen.de\/wp\/index.php?rest_route=\/wp\/v2\/users\/1"}],"replies":[{"embeddable":true,"href":"https:\/\/tierhof-straelen.de\/wp\/index.php?rest_route=%2Fwp%2Fv2%2Fcomments&post=13601"}],"version-history":[{"count":37,"href":"https:\/\/tierhof-straelen.de\/wp\/index.php?rest_route=\/wp\/v2\/posts\/13601\/revisions"}],"predecessor-version":[{"id":15419,"href":"https:\/\/tierhof-straelen.de\/wp\/index.php?rest_route=\/wp\/v2\/posts\/13601\/revisions\/15419"}],"wp:featuredmedia":[{"embeddable":true,"href":"https:\/\/tierhof-straelen.de\/wp\/index.php?rest_route=\/wp\/v2\/media\/13604"}],"wp:attachment":[{"href":"https:\/\/tierhof-straelen.de\/wp\/index.php?rest_route=%2Fwp%2Fv2%2Fmedia&parent=13601"}],"wp:term":[{"taxonomy":"category","embeddable":true,"href":"https:\/\/tierhof-straelen.de\/wp\/index.php?rest_route=%2Fwp%2Fv2%2Fcategories&post=13601"},{"taxonomy":"post_tag","embeddable":true,"href":"https:\/\/tierhof-straelen.de\/wp\/index.php?rest_route=%2Fwp%2Fv2%2Ftags&post=13601"}],"curies":[{"name":"wp","href":"https:\/\/api.w.org\/{rel}","templated":true}]}}