{"id":14421,"date":"2016-05-14T17:17:26","date_gmt":"2016-05-14T17:17:26","guid":{"rendered":"http:\/\/tierhof-straelen.de\/wp\/?p=14421"},"modified":"2016-05-14T17:17:26","modified_gmt":"2016-05-14T17:17:26","slug":"gruse-von-unserem-ehemaligen-schutzling-sally-ehem-vermehrerhundin","status":"publish","type":"post","link":"https:\/\/tierhof-straelen.de\/wp\/?p=14421","title":{"rendered":"Gr\u00fc\u00dfe von unserem ehemaligen Sch\u00fctzling Sally (ehem. Vermehrerh\u00fcndin)"},"content":{"rendered":"<div>&nbsp;<\/div>\n<div>Hallo Ihr Lieben,<\/div>\n<div dir=\"ltr\">Sally und ich waren mit einer Freundin und ihrer Gianna am Wochenende an der See in Domburg. Das Wetter hat mitgespielt und wir waren viele Stunden am Strand unterwegs. Es war wundersch&ouml;n. Hier ein paar Bilder!!!!<\/div>\n<div dir=\"ltr\"><a href=\"https:\/\/tierhof-straelen.de\/wp\/?attachment_id=14425\" rel=\"attachment wp-att-14425\"><img loading=\"lazy\" decoding=\"async\" alt=\"\" class=\"alignleft size-medium wp-image-14425\" height=\"276\" src=\"https:\/\/tierhof-straelen.de\/wp\/wp-content\/uploads\/04-Schnell-raus-aus-dem-Wasser-300x224.jpg\" title=\"04 Schnell raus aus dem Wasser\" width=\"369\" srcset=\"https:\/\/tierhof-straelen.de\/wp\/wp-content\/uploads\/04-Schnell-raus-aus-dem-Wasser-300x224.jpg 300w, https:\/\/tierhof-straelen.de\/wp\/wp-content\/uploads\/04-Schnell-raus-aus-dem-Wasser-1024x768.jpg 1024w\" sizes=\"auto, (max-width: 369px) 100vw, 369px\" \/><\/a><a href=\"https:\/\/tierhof-straelen.de\/wp\/?attachment_id=14426\" rel=\"attachment wp-att-14426\"><img loading=\"lazy\" decoding=\"async\" alt=\"\" class=\"alignleft size-medium wp-image-14426\" height=\"276\" src=\"https:\/\/tierhof-straelen.de\/wp\/wp-content\/uploads\/10-Sally-und-ich-am-Strand-300x224.jpg\" title=\"10 Sally und ich am Strand\" width=\"369\" srcset=\"https:\/\/tierhof-straelen.de\/wp\/wp-content\/uploads\/10-Sally-und-ich-am-Strand-300x224.jpg 300w, https:\/\/tierhof-straelen.de\/wp\/wp-content\/uploads\/10-Sally-und-ich-am-Strand-1024x768.jpg 1024w\" sizes=\"auto, (max-width: 369px) 100vw, 369px\" \/><\/a><a href=\"https:\/\/tierhof-straelen.de\/wp\/?attachment_id=14431\" rel=\"attachment wp-att-14431\"><img loading=\"lazy\" decoding=\"async\" alt=\"\" class=\"alignleft size-medium wp-image-14431\" height=\"276\" src=\"https:\/\/tierhof-straelen.de\/wp\/wp-content\/uploads\/27-Sally-beobachtet-M\u00f6wen-300x224.jpg\" title=\"27 Sally beobachtet M\u00f6wen\" width=\"369\" srcset=\"https:\/\/tierhof-straelen.de\/wp\/wp-content\/uploads\/27-Sally-beobachtet-M\u00f6wen-300x224.jpg 300w, https:\/\/tierhof-straelen.de\/wp\/wp-content\/uploads\/27-Sally-beobachtet-M\u00f6wen-1024x768.jpg 1024w\" sizes=\"auto, (max-width: 369px) 100vw, 369px\" \/><\/a><a href=\"https:\/\/tierhof-straelen.de\/wp\/?attachment_id=14432\" rel=\"attachment wp-att-14432\"><img loading=\"lazy\" decoding=\"async\" alt=\"\" class=\"alignleft size-medium wp-image-14432\" height=\"276\" src=\"https:\/\/tierhof-straelen.de\/wp\/wp-content\/uploads\/DSCN0604-300x224.jpg\" title=\"DSCN0604\" width=\"369\" srcset=\"https:\/\/tierhof-straelen.de\/wp\/wp-content\/uploads\/DSCN0604-300x224.jpg 300w, https:\/\/tierhof-straelen.de\/wp\/wp-content\/uploads\/DSCN0604-1024x768.jpg 1024w\" sizes=\"auto, (max-width: 369px) 100vw, 369px\" \/><\/a><\/div>\n<div dir=\"ltr\">&nbsp; &nbsp; &nbsp; &nbsp; &nbsp; &nbsp; &nbsp; &nbsp; &nbsp; &nbsp; &nbsp; &nbsp; &nbsp; &nbsp;<\/div>\n","protected":false},"excerpt":{"rendered":"<p>&nbsp; Hallo Ihr Lieben, Sally und ich waren mit einer Freundin und ihrer Gianna am Wochenende an der See in Domburg. Das Wetter hat mitgespielt und wir waren viele Stunden am Strand unterwegs. Es war wundersch&ouml;n. Hier ein paar Bilder!!!! &nbsp; &nbsp; &nbsp; &nbsp; &nbsp; &nbsp; &nbsp; &nbsp; &nbsp; &nbsp; &nbsp; &nbsp; &nbsp; &nbsp;<\/p>\n","protected":false},"author":1,"featured_media":0,"comment_status":"open","ping_status":"open","sticky":false,"template":"","format":"standard","meta":{"_uag_custom_page_level_css":"","ngg_post_thumbnail":0,"footnotes":""},"categories":[1,9],"tags":[],"class_list":["post-14421","post","type-post","status-publish","format-standard","hentry","category-allgemein","category-glucksfelle"],"uagb_featured_image_src":{"full":false,"thumbnail":false,"medium":false,"medium_large":false,"large":false,"1536x1536":false,"2048x2048":false,"widget":false,"square":false,"featured":false,"featured_large":false,"extra_large":false,"portfolio":false,"portfolio_small":false,"gallery":false,"magazine":false,"masonry":false,"entry_with_sidebar":false,"entry_without_sidebar":false},"uagb_author_info":{"display_name":"admin","author_link":"https:\/\/tierhof-straelen.de\/wp\/?author=1"},"uagb_comment_info":0,"uagb_excerpt":"&nbsp; Hallo Ihr Lieben, Sally und ich waren mit einer Freundin und ihrer Gianna am Wochenende an der See in Domburg. Das Wetter hat mitgespielt und wir waren viele Stunden am Strand unterwegs. Es war wundersch&ouml;n. Hier ein paar Bilder!!!! &nbsp; &nbsp; &nbsp; &nbsp; &nbsp; &nbsp; &nbsp; &nbsp; &nbsp; &nbsp; &nbsp; &nbsp; &nbsp; &nbsp;","_links":{"self":[{"href":"https:\/\/tierhof-straelen.de\/wp\/index.php?rest_route=\/wp\/v2\/posts\/14421","targetHints":{"allow":["GET"]}}],"collection":[{"href":"https:\/\/tierhof-straelen.de\/wp\/index.php?rest_route=\/wp\/v2\/posts"}],"about":[{"href":"https:\/\/tierhof-straelen.de\/wp\/index.php?rest_route=\/wp\/v2\/types\/post"}],"author":[{"embeddable":true,"href":"https:\/\/tierhof-straelen.de\/wp\/index.php?rest_route=\/wp\/v2\/users\/1"}],"replies":[{"embeddable":true,"href":"https:\/\/tierhof-straelen.de\/wp\/index.php?rest_route=%2Fwp%2Fv2%2Fcomments&post=14421"}],"version-history":[{"count":13,"href":"https:\/\/tierhof-straelen.de\/wp\/index.php?rest_route=\/wp\/v2\/posts\/14421\/revisions"}],"predecessor-version":[{"id":14439,"href":"https:\/\/tierhof-straelen.de\/wp\/index.php?rest_route=\/wp\/v2\/posts\/14421\/revisions\/14439"}],"wp:attachment":[{"href":"https:\/\/tierhof-straelen.de\/wp\/index.php?rest_route=%2Fwp%2Fv2%2Fmedia&parent=14421"}],"wp:term":[{"taxonomy":"category","embeddable":true,"href":"https:\/\/tierhof-straelen.de\/wp\/index.php?rest_route=%2Fwp%2Fv2%2Fcategories&post=14421"},{"taxonomy":"post_tag","embeddable":true,"href":"https:\/\/tierhof-straelen.de\/wp\/index.php?rest_route=%2Fwp%2Fv2%2Ftags&post=14421"}],"curies":[{"name":"wp","href":"https:\/\/api.w.org\/{rel}","templated":true}]}}