{"id":14516,"date":"2016-05-23T10:41:30","date_gmt":"2016-05-23T10:41:30","guid":{"rendered":"http:\/\/tierhof-straelen.de\/wp\/?p=14516"},"modified":"2016-05-23T10:41:30","modified_gmt":"2016-05-23T10:41:30","slug":"weil-sie-zwei-katzen-mit-einem-schnursenkel-stranguliert-hat-wurde-eine-20-jahrige-zu-einer-jugendstrafe-auf-bewahrung-verurteilt-ihr-mann-kassierte-wegen-beihilfe-zur-tiertotung-eine-geldstrafe","status":"publish","type":"post","link":"https:\/\/tierhof-straelen.de\/wp\/?p=14516","title":{"rendered":"Weil sie zwei Katzen mit einem Schn\u00fcrsenkel stranguliert hat, wurde eine 20-J\u00e4hrige zu einer Jugendstrafe auf Bew\u00e4hrung verurteilt. Ihr Mann kassierte wegen Beihilfe zur Tiert\u00f6tung eine Geldstrafe."},"content":{"rendered":"<p>&nbsp;<\/p>\n<p><a data-saferedirecturl=\"https:\/\/www.google.com\/url?hl=de&amp;q=http:\/\/www.nordbayern.de\/region\/nuernberg\/katzen-stranguliert-20-jahrige-wegen-tiertotung-verurteilt-1.5197590&amp;source=gmail&amp;ust=1464086229006000&amp;usg=AFQjCNFiQDbc7qWKgiZ1XaiaA2VkiFwK4A\" href=\"http:\/\/www.nordbayern.de\/region\/nuernberg\/katzen-stranguliert-20-jahrige-wegen-tiertotung-verurteilt-1.5197590\" style=\"color: rgb(17, 85, 204); font-family: arial; font-size: small;\" target=\"_blank\">http:\/\/www.nordbayern.de\/<wbr>region\/nuernberg\/katzen-<wbr>stranguliert-20-jahrige-wegen-<wbr>tiertotung-verurteilt-1.<wbr>5197590<\/wbr><\/wbr><\/wbr><\/wbr><\/a><\/p>\n","protected":false},"excerpt":{"rendered":"<p>&nbsp; http:\/\/www.nordbayern.de\/region\/nuernberg\/katzen-stranguliert-20-jahrige-wegen-tiertotung-verurteilt-1.5197590<\/p>\n","protected":false},"author":1,"featured_media":0,"comment_status":"open","ping_status":"open","sticky":false,"template":"","format":"standard","meta":{"_uag_custom_page_level_css":"","ngg_post_thumbnail":0,"footnotes":""},"categories":[3,1],"tags":[],"class_list":["post-14516","post","type-post","status-publish","format-standard","hentry","category-aktuelle-presse","category-allgemein"],"uagb_featured_image_src":{"full":false,"thumbnail":false,"medium":false,"medium_large":false,"large":false,"1536x1536":false,"2048x2048":false,"widget":false,"square":false,"featured":false,"featured_large":false,"extra_large":false,"portfolio":false,"portfolio_small":false,"gallery":false,"magazine":false,"masonry":false,"entry_with_sidebar":false,"entry_without_sidebar":false},"uagb_author_info":{"display_name":"admin","author_link":"https:\/\/tierhof-straelen.de\/wp\/?author=1"},"uagb_comment_info":0,"uagb_excerpt":"&nbsp; http:\/\/www.nordbayern.de\/region\/nuernberg\/katzen-stranguliert-20-jahrige-wegen-tiertotung-verurteilt-1.5197590","_links":{"self":[{"href":"https:\/\/tierhof-straelen.de\/wp\/index.php?rest_route=\/wp\/v2\/posts\/14516","targetHints":{"allow":["GET"]}}],"collection":[{"href":"https:\/\/tierhof-straelen.de\/wp\/index.php?rest_route=\/wp\/v2\/posts"}],"about":[{"href":"https:\/\/tierhof-straelen.de\/wp\/index.php?rest_route=\/wp\/v2\/types\/post"}],"author":[{"embeddable":true,"href":"https:\/\/tierhof-straelen.de\/wp\/index.php?rest_route=\/wp\/v2\/users\/1"}],"replies":[{"embeddable":true,"href":"https:\/\/tierhof-straelen.de\/wp\/index.php?rest_route=%2Fwp%2Fv2%2Fcomments&post=14516"}],"version-history":[{"count":2,"href":"https:\/\/tierhof-straelen.de\/wp\/index.php?rest_route=\/wp\/v2\/posts\/14516\/revisions"}],"predecessor-version":[{"id":14518,"href":"https:\/\/tierhof-straelen.de\/wp\/index.php?rest_route=\/wp\/v2\/posts\/14516\/revisions\/14518"}],"wp:attachment":[{"href":"https:\/\/tierhof-straelen.de\/wp\/index.php?rest_route=%2Fwp%2Fv2%2Fmedia&parent=14516"}],"wp:term":[{"taxonomy":"category","embeddable":true,"href":"https:\/\/tierhof-straelen.de\/wp\/index.php?rest_route=%2Fwp%2Fv2%2Fcategories&post=14516"},{"taxonomy":"post_tag","embeddable":true,"href":"https:\/\/tierhof-straelen.de\/wp\/index.php?rest_route=%2Fwp%2Fv2%2Ftags&post=14516"}],"curies":[{"name":"wp","href":"https:\/\/api.w.org\/{rel}","templated":true}]}}