{"id":15580,"date":"2019-07-16T09:00:32","date_gmt":"2019-07-16T07:00:32","guid":{"rendered":"http:\/\/tierhof-straelen.de\/wp\/?p=15580"},"modified":"2019-07-16T09:18:00","modified_gmt":"2019-07-16T07:18:00","slug":"deutsche-dogge-sucht-dringend-ein-hundeerfahrenes-zuhause","status":"publish","type":"post","link":"https:\/\/tierhof-straelen.de\/wp\/?p=15580","title":{"rendered":"Deutsche Dogge sucht dringend ein hundeerfahrenes Zuhause"},"content":{"rendered":"\n<p>Da unsere Kapazit\u00e4ten ausgelastet sind, k\u00f6nnen wir Matilda&nbsp;nicht aufnehmen und kommen der Bitte nach, sie&nbsp;hier vorzustellen:<\/p>\n\n\n\n<p><br>Sch\u00f6nen guten Tag.<br>Es geht sich hier um die Doggenh\u00fcndin Matilda die im August zwei Jahre alt wird und im Kreis Kleve wohnt. Wir suchen dringend einen neuen Platz f\u00fcr sie, da sie sich nicht mehr mit unseren \u00e4lteren Hund vertr\u00e4gt. Daher w\u00e4re es super wenn sie einen Platz bekommt, wo es keine anderen Hunde gibt und sich ganz viel Zeit f\u00fcr sie genommen wird.&nbsp;<br><br>Matilda ist eine reinrassige Deutsche Dogge vom Z\u00fcchter. Sie ist gechipt, entwurmt, die Impfung w\u00e4re jetzt f\u00e4llig und sie ist nicht kastriert. Das Problem liegt darin, dass sie unseren \u00e4lteren Hund nur noch attakiert, wieso wissen wir leider nicht. Matilda kennt die normalen Grundkommandos. Sie lebt in einem Haushalt mit meinen beiden T\u00f6chtern (6 und 15 Jahre).&nbsp;Wie sich mit anderen Hunden vertr\u00e4gt wei\u00df ich leider nicht, aber sie m\u00fcsste trotzdem in einen Haushalt, wo erst mal keine Hunde anwesend sind. Und man m\u00fcsste noch mal mit ihr zur Hundeschule wof\u00fcr mir leider komplett die Zeit fehlt.&nbsp;Auf jeden Fall ist es sehr dringend, dass sie eine neue Familie findet, da es mit unserem anderen Hund wie gesagt \u00fcberhaupt nicht mehr klappt.&nbsp;<br><br>Vielen Dank im Voraus f\u00fcr die Unterst\u00fctzung&nbsp;&nbsp;<br>Gru\u00df Nicole Vohl<br><strong>Telefon: 0152-24370744<\/strong><\/p>\n\n\n\n<div class=\"wp-block-image\"><figure class=\"aligncenter\"><img loading=\"lazy\" decoding=\"async\" width=\"501\" height=\"1030\" src=\"https:\/\/tierhof-straelen.de\/wp\/wp-content\/uploads\/Deutsche_Dogge_07._2019-e1563261435307-501x1030.jpg\" alt=\"\" class=\"wp-image-15581\" srcset=\"https:\/\/tierhof-straelen.de\/wp\/wp-content\/uploads\/Deutsche_Dogge_07._2019-e1563261435307-501x1030.jpg 501w, https:\/\/tierhof-straelen.de\/wp\/wp-content\/uploads\/Deutsche_Dogge_07._2019-e1563261435307-146x300.jpg 146w, https:\/\/tierhof-straelen.de\/wp\/wp-content\/uploads\/Deutsche_Dogge_07._2019-e1563261435307-768x1580.jpg 768w, https:\/\/tierhof-straelen.de\/wp\/wp-content\/uploads\/Deutsche_Dogge_07._2019-e1563261435307-729x1500.jpg 729w, https:\/\/tierhof-straelen.de\/wp\/wp-content\/uploads\/Deutsche_Dogge_07._2019-e1563261435307-343x705.jpg 343w, https:\/\/tierhof-straelen.de\/wp\/wp-content\/uploads\/Deutsche_Dogge_07._2019-e1563261435307-450x926.jpg 450w, https:\/\/tierhof-straelen.de\/wp\/wp-content\/uploads\/Deutsche_Dogge_07._2019-e1563261435307.jpg 1960w\" sizes=\"auto, (max-width: 501px) 100vw, 501px\" \/><\/figure><\/div>\n","protected":false},"excerpt":{"rendered":"<p>Da unsere Kapazit\u00e4ten ausgelastet sind, k\u00f6nnen wir Matilda&nbsp;nicht aufnehmen und kommen der Bitte nach, sie&nbsp;hier vorzustellen: Sch\u00f6nen guten Tag.Es geht sich hier um die Doggenh\u00fcndin Matilda die im August zwei Jahre alt wird und im Kreis Kleve wohnt. Wir suchen dringend einen neuen Platz f\u00fcr sie, da sie sich nicht mehr mit unseren \u00e4lteren Hund [&hellip;]<\/p>\n","protected":false},"author":1,"featured_media":15581,"comment_status":"open","ping_status":"open","sticky":false,"template":"","format":"standard","meta":{"_uag_custom_page_level_css":"","ngg_post_thumbnail":0,"footnotes":""},"categories":[10,8],"tags":[],"class_list":["post-15580","post","type-post","status-publish","format-standard","has-post-thumbnail","hentry","category-aktuelle-aktionen","category-gastvermittlungen"],"uagb_featured_image_src":{"full":["https:\/\/tierhof-straelen.de\/wp\/wp-content\/uploads\/Deutsche_Dogge_07._2019-e1563261435307.jpg",1960,4032,false],"thumbnail":["https:\/\/tierhof-straelen.de\/wp\/wp-content\/uploads\/Deutsche_Dogge_07._2019-e1563261435307-80x80.jpg",80,80,true],"medium":["https:\/\/tierhof-straelen.de\/wp\/wp-content\/uploads\/Deutsche_Dogge_07._2019-e1563261435307-146x300.jpg",146,300,true],"medium_large":["https:\/\/tierhof-straelen.de\/wp\/wp-content\/uploads\/Deutsche_Dogge_07._2019-e1563261435307-768x1580.jpg",768,1580,true],"large":["https:\/\/tierhof-straelen.de\/wp\/wp-content\/uploads\/Deutsche_Dogge_07._2019-e1563261435307-501x1030.jpg",501,1030,true],"1536x1536":["https:\/\/tierhof-straelen.de\/wp\/wp-content\/uploads\/Deutsche_Dogge_07._2019-e1563261435307.jpg",747,1536,false],"2048x2048":["https:\/\/tierhof-straelen.de\/wp\/wp-content\/uploads\/Deutsche_Dogge_07._2019-e1563261435307.jpg",996,2048,false],"widget":["https:\/\/tierhof-straelen.de\/wp\/wp-content\/uploads\/Deutsche_Dogge_07._2019-e1563261435307-36x36.jpg",36,36,true],"square":["https:\/\/tierhof-straelen.de\/wp\/wp-content\/uploads\/Deutsche_Dogge_07._2019-e1563261435307-180x180.jpg",180,180,true],"featured":["https:\/\/tierhof-straelen.de\/wp\/wp-content\/uploads\/Deutsche_Dogge_07._2019-e1563261435307-1500x430.jpg",1500,430,true],"featured_large":["https:\/\/tierhof-straelen.de\/wp\/wp-content\/uploads\/Deutsche_Dogge_07._2019-e1563261435307-1500x630.jpg",1500,630,true],"extra_large":["https:\/\/tierhof-straelen.de\/wp\/wp-content\/uploads\/Deutsche_Dogge_07._2019-e1563261435307-729x1500.jpg",729,1500,true],"portfolio":["https:\/\/tierhof-straelen.de\/wp\/wp-content\/uploads\/Deutsche_Dogge_07._2019-e1563261435307-495x400.jpg",495,400,true],"portfolio_small":["https:\/\/tierhof-straelen.de\/wp\/wp-content\/uploads\/Deutsche_Dogge_07._2019-e1563261435307-260x185.jpg",260,185,true],"gallery":["https:\/\/tierhof-straelen.de\/wp\/wp-content\/uploads\/Deutsche_Dogge_07._2019-e1563261435307-845x684.jpg",845,684,true],"magazine":["https:\/\/tierhof-straelen.de\/wp\/wp-content\/uploads\/Deutsche_Dogge_07._2019-e1563261435307-710x375.jpg",710,375,true],"masonry":["https:\/\/tierhof-straelen.de\/wp\/wp-content\/uploads\/Deutsche_Dogge_07._2019-e1563261435307-343x705.jpg",343,705,true],"entry_with_sidebar":["https:\/\/tierhof-straelen.de\/wp\/wp-content\/uploads\/Deutsche_Dogge_07._2019-e1563261435307-845x321.jpg",845,321,true],"entry_without_sidebar":["https:\/\/tierhof-straelen.de\/wp\/wp-content\/uploads\/Deutsche_Dogge_07._2019-e1563261435307-1210x423.jpg",1210,423,true]},"uagb_author_info":{"display_name":"admin","author_link":"https:\/\/tierhof-straelen.de\/wp\/?author=1"},"uagb_comment_info":2,"uagb_excerpt":"Da unsere Kapazit\u00e4ten ausgelastet sind, k\u00f6nnen wir Matilda&nbsp;nicht aufnehmen und kommen der Bitte nach, sie&nbsp;hier vorzustellen: Sch\u00f6nen guten Tag.Es geht sich hier um die Doggenh\u00fcndin Matilda die im August zwei Jahre alt wird und im Kreis Kleve wohnt. Wir suchen dringend einen neuen Platz f\u00fcr sie, da sie sich nicht mehr mit unseren \u00e4lteren Hund&hellip;","_links":{"self":[{"href":"https:\/\/tierhof-straelen.de\/wp\/index.php?rest_route=\/wp\/v2\/posts\/15580","targetHints":{"allow":["GET"]}}],"collection":[{"href":"https:\/\/tierhof-straelen.de\/wp\/index.php?rest_route=\/wp\/v2\/posts"}],"about":[{"href":"https:\/\/tierhof-straelen.de\/wp\/index.php?rest_route=\/wp\/v2\/types\/post"}],"author":[{"embeddable":true,"href":"https:\/\/tierhof-straelen.de\/wp\/index.php?rest_route=\/wp\/v2\/users\/1"}],"replies":[{"embeddable":true,"href":"https:\/\/tierhof-straelen.de\/wp\/index.php?rest_route=%2Fwp%2Fv2%2Fcomments&post=15580"}],"version-history":[{"count":2,"href":"https:\/\/tierhof-straelen.de\/wp\/index.php?rest_route=\/wp\/v2\/posts\/15580\/revisions"}],"predecessor-version":[{"id":15583,"href":"https:\/\/tierhof-straelen.de\/wp\/index.php?rest_route=\/wp\/v2\/posts\/15580\/revisions\/15583"}],"wp:featuredmedia":[{"embeddable":true,"href":"https:\/\/tierhof-straelen.de\/wp\/index.php?rest_route=\/wp\/v2\/media\/15581"}],"wp:attachment":[{"href":"https:\/\/tierhof-straelen.de\/wp\/index.php?rest_route=%2Fwp%2Fv2%2Fmedia&parent=15580"}],"wp:term":[{"taxonomy":"category","embeddable":true,"href":"https:\/\/tierhof-straelen.de\/wp\/index.php?rest_route=%2Fwp%2Fv2%2Fcategories&post=15580"},{"taxonomy":"post_tag","embeddable":true,"href":"https:\/\/tierhof-straelen.de\/wp\/index.php?rest_route=%2Fwp%2Fv2%2Ftags&post=15580"}],"curies":[{"name":"wp","href":"https:\/\/api.w.org\/{rel}","templated":true}]}}