{"id":15746,"date":"2023-12-20T15:16:00","date_gmt":"2023-12-20T14:16:00","guid":{"rendered":"https:\/\/tierhof-straelen.de\/wp\/?p=15746"},"modified":"2024-12-06T21:42:44","modified_gmt":"2024-12-06T20:42:44","slug":"weihnachtsgruesse-2023","status":"publish","type":"post","link":"https:\/\/tierhof-straelen.de\/wp\/?p=15746","title":{"rendered":"Weihnachtsgr\u00fc\u00dfe 2023"},"content":{"rendered":"\n<figure class=\"wp-block-image size-large\"><img loading=\"lazy\" decoding=\"async\" width=\"779\" height=\"1030\" src=\"https:\/\/tierhof-straelen.de\/wp\/wp-content\/uploads\/Weihnachten-23a-779x1030.jpg\" alt=\"\" class=\"wp-image-15747\" srcset=\"https:\/\/tierhof-straelen.de\/wp\/wp-content\/uploads\/Weihnachten-23a-779x1030.jpg 779w, https:\/\/tierhof-straelen.de\/wp\/wp-content\/uploads\/Weihnachten-23a-227x300.jpg 227w, https:\/\/tierhof-straelen.de\/wp\/wp-content\/uploads\/Weihnachten-23a-768x1016.jpg 768w, https:\/\/tierhof-straelen.de\/wp\/wp-content\/uploads\/Weihnachten-23a-1162x1536.jpg 1162w, https:\/\/tierhof-straelen.de\/wp\/wp-content\/uploads\/Weihnachten-23a-1549x2048.jpg 1549w, https:\/\/tierhof-straelen.de\/wp\/wp-content\/uploads\/Weihnachten-23a-1134x1500.jpg 1134w, https:\/\/tierhof-straelen.de\/wp\/wp-content\/uploads\/Weihnachten-23a-533x705.jpg 533w, https:\/\/tierhof-straelen.de\/wp\/wp-content\/uploads\/Weihnachten-23a.jpg 1573w\" sizes=\"auto, (max-width: 779px) 100vw, 779px\" \/><\/figure>\n\n\n\n<p>&nbsp;Liebe Tierfreunde,<\/p>\n\n\n\n<p>das Jahr neigt sich dem Ende zu und wir m\u00f6chten uns von Herzen bei euch bedanken. Euer Vertrauen und eure Loyalit\u00e4t bedeuten uns sehr viel und wir sch\u00e4tzen es au\u00dferordentlich, dass ihr uns auch in\u00a0diesem Jahr begleitet habt.\u00a0<\/p>\n\n\n\n<p>Eure Unterst\u00fctzung ist so wichtig f\u00fcr den Fortbestand des von uns\u00a0gelebten Tierschutzes.<\/p>\n\n\n\n<p>Wir werden auch im kommenden Jahr wieder alles in unserer Macht\u00a0stehende zum Wohle der Tiere unternehmen.<\/p>\n\n\n\n<p>Wir w\u00fcnschen Euch besinnliche Weihnachtstage und einen guten\u00a0Rutsch in ein gl\u00fcckliches und gesundes neues Jahr.<\/p>\n\n\n\n<p>Tierliebe Gr\u00fc\u00dfe<\/p>\n\n\n\n<p>Das Team vom Tierhof Straelen<\/p>\n\n\n\n<figure class=\"wp-block-image size-large\"><img loading=\"lazy\" decoding=\"async\" width=\"925\" height=\"1030\" src=\"https:\/\/tierhof-straelen.de\/wp\/wp-content\/uploads\/Weihnachten23-Rehe-925x1030.jpg\" alt=\"\" class=\"wp-image-15748\" srcset=\"https:\/\/tierhof-straelen.de\/wp\/wp-content\/uploads\/Weihnachten23-Rehe-925x1030.jpg 925w, https:\/\/tierhof-straelen.de\/wp\/wp-content\/uploads\/Weihnachten23-Rehe-269x300.jpg 269w, https:\/\/tierhof-straelen.de\/wp\/wp-content\/uploads\/Weihnachten23-Rehe-768x855.jpg 768w, https:\/\/tierhof-straelen.de\/wp\/wp-content\/uploads\/Weihnachten23-Rehe-1379x1536.jpg 1379w, https:\/\/tierhof-straelen.de\/wp\/wp-content\/uploads\/Weihnachten23-Rehe-1347x1500.jpg 1347w, https:\/\/tierhof-straelen.de\/wp\/wp-content\/uploads\/Weihnachten23-Rehe-633x705.jpg 633w, https:\/\/tierhof-straelen.de\/wp\/wp-content\/uploads\/Weihnachten23-Rehe.jpg 1591w\" sizes=\"auto, (max-width: 925px) 100vw, 925px\" \/><\/figure>\n","protected":false},"excerpt":{"rendered":"<p>&nbsp;Liebe Tierfreunde, das Jahr neigt sich dem Ende zu und wir m\u00f6chten uns von Herzen bei euch bedanken. Euer Vertrauen und eure Loyalit\u00e4t bedeuten uns sehr viel und wir sch\u00e4tzen es au\u00dferordentlich, dass ihr uns auch in\u00a0diesem Jahr begleitet habt.\u00a0 Eure Unterst\u00fctzung ist so wichtig f\u00fcr den Fortbestand des von uns\u00a0gelebten Tierschutzes. Wir werden auch [&hellip;]<\/p>\n","protected":false},"author":5,"featured_media":0,"comment_status":"open","ping_status":"open","sticky":true,"template":"","format":"standard","meta":{"_uag_custom_page_level_css":"","ngg_post_thumbnail":0,"footnotes":""},"categories":[1],"tags":[],"class_list":["post-15746","post","type-post","status-publish","format-standard","hentry","category-allgemein"],"uagb_featured_image_src":{"full":false,"thumbnail":false,"medium":false,"medium_large":false,"large":false,"1536x1536":false,"2048x2048":false,"widget":false,"square":false,"featured":false,"featured_large":false,"extra_large":false,"portfolio":false,"portfolio_small":false,"gallery":false,"magazine":false,"masonry":false,"entry_with_sidebar":false,"entry_without_sidebar":false},"uagb_author_info":{"display_name":"Ronnie Kr\u00e4mer","author_link":"https:\/\/tierhof-straelen.de\/wp\/?author=5"},"uagb_comment_info":0,"uagb_excerpt":"&nbsp;Liebe Tierfreunde, das Jahr neigt sich dem Ende zu und wir m\u00f6chten uns von Herzen bei euch bedanken. Euer Vertrauen und eure Loyalit\u00e4t bedeuten uns sehr viel und wir sch\u00e4tzen es au\u00dferordentlich, dass ihr uns auch in\u00a0diesem Jahr begleitet habt.\u00a0 Eure Unterst\u00fctzung ist so wichtig f\u00fcr den Fortbestand des von uns\u00a0gelebten Tierschutzes. Wir werden auch&hellip;","_links":{"self":[{"href":"https:\/\/tierhof-straelen.de\/wp\/index.php?rest_route=\/wp\/v2\/posts\/15746","targetHints":{"allow":["GET"]}}],"collection":[{"href":"https:\/\/tierhof-straelen.de\/wp\/index.php?rest_route=\/wp\/v2\/posts"}],"about":[{"href":"https:\/\/tierhof-straelen.de\/wp\/index.php?rest_route=\/wp\/v2\/types\/post"}],"author":[{"embeddable":true,"href":"https:\/\/tierhof-straelen.de\/wp\/index.php?rest_route=\/wp\/v2\/users\/5"}],"replies":[{"embeddable":true,"href":"https:\/\/tierhof-straelen.de\/wp\/index.php?rest_route=%2Fwp%2Fv2%2Fcomments&post=15746"}],"version-history":[{"count":3,"href":"https:\/\/tierhof-straelen.de\/wp\/index.php?rest_route=\/wp\/v2\/posts\/15746\/revisions"}],"predecessor-version":[{"id":15817,"href":"https:\/\/tierhof-straelen.de\/wp\/index.php?rest_route=\/wp\/v2\/posts\/15746\/revisions\/15817"}],"wp:attachment":[{"href":"https:\/\/tierhof-straelen.de\/wp\/index.php?rest_route=%2Fwp%2Fv2%2Fmedia&parent=15746"}],"wp:term":[{"taxonomy":"category","embeddable":true,"href":"https:\/\/tierhof-straelen.de\/wp\/index.php?rest_route=%2Fwp%2Fv2%2Fcategories&post=15746"},{"taxonomy":"post_tag","embeddable":true,"href":"https:\/\/tierhof-straelen.de\/wp\/index.php?rest_route=%2Fwp%2Fv2%2Ftags&post=15746"}],"curies":[{"name":"wp","href":"https:\/\/api.w.org\/{rel}","templated":true}]}}