{"id":5983,"date":"2012-02-23T18:42:20","date_gmt":"2012-02-23T18:42:20","guid":{"rendered":"http:\/\/tierhof-straelen.de\/wp\/?p=5983"},"modified":"2012-02-24T20:12:46","modified_gmt":"2012-02-24T20:12:46","slug":"betty-geb-1999","status":"publish","type":"post","link":"https:\/\/tierhof-straelen.de\/wp\/?p=5983","title":{"rendered":"Betty &#8211; geb. 1999 &#8211; gestorben am 21.02.2012"},"content":{"rendered":"<div><\/div>\n<table style=\"width: 100%;\" border=\"0\" cellspacing=\"1\" cellpadding=\"5\">\n<tbody>\n<tr>\n<td>\n<div><a rel=\"attachment wp-att-6810\" href=\"https:\/\/tierhof-straelen.de\/wp\/?attachment_id=6810\"><img loading=\"lazy\" decoding=\"async\" title=\"Betty\" class=\"alignleft size-large wp-image-6810\" src=\"https:\/\/tierhof-straelen.de\/wp\/wp-content\/uploads\/Betty2-736x1024.jpg\" alt=\"\" width=\"300\" height=\"417\" srcset=\"https:\/\/tierhof-straelen.de\/wp\/wp-content\/uploads\/Betty2-736x1024.jpg 736w, https:\/\/tierhof-straelen.de\/wp\/wp-content\/uploads\/Betty2-215x300.jpg 215w, https:\/\/tierhof-straelen.de\/wp\/wp-content\/uploads\/Betty2.jpg 988w\" sizes=\"auto, (max-width: 300px) 100vw, 300px\" \/><\/a><\/div>\n<div><a rel=\"attachment wp-att-5988\" href=\"https:\/\/tierhof-straelen.de\/wp\/?attachment_id=5988\"><img loading=\"lazy\" decoding=\"async\" title=\"IMG_9657_Bildgr\u00f6\u00dfe_\u00e4ndern\" class=\"alignleft size-medium wp-image-5988\" src=\"https:\/\/tierhof-straelen.de\/wp\/wp-content\/uploads\/IMG_9657_Bildgr\u00f6\u00dfe_\u00e4ndern-300x200.jpg\" alt=\"\" width=\"300\" height=\"200\" srcset=\"https:\/\/tierhof-straelen.de\/wp\/wp-content\/uploads\/IMG_9657_Bildgr\u00f6\u00dfe_\u00e4ndern-300x200.jpg 300w, https:\/\/tierhof-straelen.de\/wp\/wp-content\/uploads\/IMG_9657_Bildgr\u00f6\u00dfe_\u00e4ndern.jpg 640w\" sizes=\"auto, (max-width: 300px) 100vw, 300px\" \/><\/a><\/div>\n<div><a rel=\"attachment wp-att-6813\" href=\"https:\/\/tierhof-straelen.de\/wp\/?attachment_id=6813\"><img loading=\"lazy\" decoding=\"async\" title=\"Betty02-2012\" class=\"alignleft size-full wp-image-6813\" src=\"https:\/\/tierhof-straelen.de\/wp\/wp-content\/uploads\/Betty02-2012.jpg\" alt=\"\" width=\"300\" height=\"345\" srcset=\"https:\/\/tierhof-straelen.de\/wp\/wp-content\/uploads\/Betty02-2012.jpg 712w, https:\/\/tierhof-straelen.de\/wp\/wp-content\/uploads\/Betty02-2012-260x300.jpg 260w\" sizes=\"auto, (max-width: 300px) 100vw, 300px\" \/><\/a><\/div>\n<div><a rel=\"attachment wp-att-5985\" href=\"https:\/\/tierhof-straelen.de\/wp\/?attachment_id=5985\"><img loading=\"lazy\" decoding=\"async\" title=\"Betty\" class=\"alignleft size-full wp-image-5985\" src=\"https:\/\/tierhof-straelen.de\/wp\/wp-content\/uploads\/Betty.jpg\" alt=\"\" width=\"300\" height=\"317\" srcset=\"https:\/\/tierhof-straelen.de\/wp\/wp-content\/uploads\/Betty.jpg 640w, https:\/\/tierhof-straelen.de\/wp\/wp-content\/uploads\/Betty-284x300.jpg 284w\" sizes=\"auto, (max-width: 300px) 100vw, 300px\" \/><\/a><\/div>\n<div><a rel=\"attachment wp-att-6003\" href=\"https:\/\/tierhof-straelen.de\/wp\/?attachment_id=6003\"><img loading=\"lazy\" decoding=\"async\" title=\"Betty1\" class=\"alignleft size-medium wp-image-6003\" src=\"https:\/\/tierhof-straelen.de\/wp\/wp-content\/uploads\/Betty11-300x289.jpg\" alt=\"\" width=\"300\" height=\"289\" srcset=\"https:\/\/tierhof-straelen.de\/wp\/wp-content\/uploads\/Betty11-300x289.jpg 300w, https:\/\/tierhof-straelen.de\/wp\/wp-content\/uploads\/Betty11.jpg 900w\" sizes=\"auto, (max-width: 300px) 100vw, 300px\" \/><\/a><\/div>\n<div><a rel=\"attachment wp-att-6855\" href=\"https:\/\/tierhof-straelen.de\/wp\/?attachment_id=6855\"><img loading=\"lazy\" decoding=\"async\" title=\"Betty2\" class=\"alignleft size-medium wp-image-6855\" src=\"https:\/\/tierhof-straelen.de\/wp\/wp-content\/uploads\/Betty21-300x288.jpg\" alt=\"\" width=\"300\" height=\"288\" srcset=\"https:\/\/tierhof-straelen.de\/wp\/wp-content\/uploads\/Betty21-300x288.jpg 300w, https:\/\/tierhof-straelen.de\/wp\/wp-content\/uploads\/Betty21-1024x985.jpg 1024w, https:\/\/tierhof-straelen.de\/wp\/wp-content\/uploads\/Betty21.jpg 1165w\" sizes=\"auto, (max-width: 300px) 100vw, 300px\" \/><\/a><\/div>\n<\/td>\n<td><span style=\"font-size: 24px;\">Betty<\/span>,<\/p>\n<div>geboren 1999, gestorben am 21. Februar 2012<\/div>\n<div><\/div>\n<div><\/div>\n<div>Ein Schmetterling geht auf die Reise,<br \/>\nganz heimlich still und leise.<br \/>\nDer Wind weht dich immer weiter fort,<br \/>\ndu bist nun an einem anderen Ort.<br \/>\nDie Stunde an diesem jenen Tag,<br \/>\nhat uns zur Verzweiflung gebracht.<br \/>\nDu solltest keine Schmerzen mehr haben,<br \/>\ndas k\u00f6nnten wir nicht ertragen.<br \/>\nWir lie\u00dfen dich in der Zuversicht geh\u00b4n,<br \/>\ndass wir uns irgendwann wieder sehen.<br \/>\nDanke noch mal f\u00fcr die sch\u00f6ne Zeit,<br \/>\nund irgendwann ist es dann soweit\u2026\u2026<br \/>\nWir werden oft um dich weinen,<br \/>\ndiese Wunden kann auch die Zeit nicht heilen.<\/div>\n<div><\/div>\n<div><\/div>\n<div>Betty, wir werden uns immer an das sch\u00f6ne Jahr mit Dir erinnern und werden Dich nie vergessen. Gr\u00fc\u00df Aaron von uns, der Dir schon voraus gegangen ist. Dein neuer Freund Akin, der Dich in der leider viel zu kurzen Zeit auch richtig liebgewonnen hat, vermisst Dich sehr. Wir sind traurig, dass Du uns verlassen hast und zugleich dankbar, dass Du eine so tolle Familie in Deinem Leben gefunden hattest, die Dir bis zum Schluss treu geblieben ist, auch nachdem Du bei uns eingezogen bist. Du kannst stolz darauf sein, denn leider hat nicht jeder Vierbeiner so verantwortungsbewusste und liebe Menschen an seiner Seite.<\/div>\n<div><\/div>\n<div><\/div>\n<div>An dieser Stelle mitf\u00fchlende Gr\u00fc\u00dfe und ein gro\u00dfes Danke an Ursula und Lena Fels, die Betty ein sch\u00f6nes Hundeleben erm\u00f6glicht haben und die zum Wohle von Betty vor einem Jahr eine Entscheidung treffen mussten, die ihnen mehr als schwer gefallen ist.<\/div>\n<div><\/div>\n<div><\/div>\n<div>Liebes Tierhof-Straelen-Team!<\/div>\n<div><\/div>\n<div><\/div>\n<div>Ich melde mich erst heute, weil ich dazu vorher nicht in der Lage war.<\/div>\n<div>Mich hat Bettis Tod den ganzen Tag \u00fcber begleitet und besch\u00e4ftigt.<\/div>\n<div>Mit Bettis Tod ist auch wieder ein St\u00fcck Gemeinsamkeit mit meinem verstorbenen Mann weg und deshalb trifft es mich emotional sehr.<\/div>\n<div><\/div>\n<div><\/div>\n<div>Eigentlich hatte Betti bei ihrer Geburt die A-Karte gezogen, weil sie bei einem Z\u00fcchter geboren wurde, der ein Tierqu\u00e4ler war. Er wollte Erfolge um jeden Preis und hat versucht, mit Betti &#8211; die vom Geb\u00e4ude her eine sch\u00f6ne H\u00fcndin war &#8211; auch noch im Sport etwas zu erreichen, um sie dann als Zuchth\u00fcndin einzusetzen. Als er dann seine illegal gebaute Zwingeranlage aufl\u00f6sen mu\u00dfte, hatte Betti das Gl\u00fcck, dass Lena ihren damals noch sehr jungen Capper zeitweise tags\u00fcber &#8211; wenn sie arbeiten mu\u00dfte &#8211; in der gleichen Zwingeranlage hatte, weil sie nahe ihrer Arbeitsst\u00e4tte lag. Als er dann verk\u00fcndete, Betti t\u00f6ten zu lassen, weil er keinen K\u00e4ufer f\u00fcr sie fand, hat Lena uns gebeten, die H\u00fcndin doch \u00fcber den Winter aufzunehmen. Wir k\u00f6nnten sie ja dann sp\u00e4ter versuchen abzugeben. Aber sie w\u00e4re menschenscheu und bissig. Weil wir noch einen Zwinger frei hatten und mein Mann dem Vorbesitzer, den er f\u00fcr einen totalen Idioten hielt, zeigen wollte, dass es auch andere Sch\u00e4ferhundliebhaber gibt, haben wir sie zu uns genommen. Lena hat sie abgeholt und unter vielen Vorsichtsma\u00dfnahmen aus dem Auto geholt. Und Betti ist freudig auf meinen Mann zugelaufen. Der Beginn einer gro\u00dfen Freundschaft. Mein Mann hat sich sehr um sie gek\u00fcmmert und ihr die Menschenscheu genommen. Zu seinen Lieblingsvorf\u00fchrungen geh\u00f6rte, dass er einen Hundkuchen zwischen die Z\u00e4hne nahm und Betti den Kuchen sehr vorsichtig heraus holte. Die Beiden haben auf der Ladefl\u00e4che seines Autos in der Sonne geschlafen, damit die unruhige Betti zur Ruhe kam und sie war immer bei ihm, wenn er auf dem Hof etwas machen mu\u00dfte. Von Anfang an hatte sie gegen\u00fcber anderen Hunden ein gutes Sozialverhalten. Nur der Versuch, sie an die Wohnung zu gew\u00f6hnen, ging schief. Und als Lena ansprach, dass wir sie doch weiter geben wollten, hat mein Mann gesagt: Wir sind keine Hundeh\u00e4ndler, sie bleibt bei uns. Und wenn er nicht krank geworden und verstorben w\u00e4re, w\u00e4re das auch so geblieben.<\/div>\n<div><\/div>\n<div><\/div>\n<div>Der Pechvogel hatte also das Gl\u00fcck, erst Lena und dann meinen Mann kennen zu lernen. Und dann im vorigen Jahr Sie, liebes Tierhof-Straelen-Team. Und Sie hatte dann noch ein sch\u00f6nes Jahr bei Ihnen in Gesellschaft mit anderen Hunden, mit einem richtigen Dach \u00fcber dem Kopf und einem Team, das immer da war. Unter dem Strich war sie also kein Pechvogel, sondern ein Gl\u00fcckskind. Wir haben sie so genommen, wie sie war und keine Anforderungen gestellt, die sie nicht erf\u00fcllen konnte. Und aus dem Angstbeisser ist eine umg\u00e4ngliche, selbstbewu\u00dfte H\u00fcndin geworden. Die dann noch 10 gute Jahre hatte und \u00e4lter geworden ist als jeder unserer Sch\u00e4ferhunde vorher.<\/div>\n<div>Es ist also bei aller Trauer eine gute Geschichte.<\/div>\n<div><\/div>\n<div><\/div>\n<div>Jetzt m\u00f6chte ich mich noch einmal bei Ihnen recht herzlich bedanken. Ich war sehr froh, dass Betti bei Ihnen so gut aufgehoben war und bewundere Ihre Arbeit sehr. Ich habe immer wieder zu Freunden gesagt, ich komme ohne Voranmeldung dort hin und immer ist alles sauber und die Hunde sind in sehr gutem Zustand. Und es riecht nicht schon von weiterm nach Urin und Kot. Sie machen einen tollen Job. Und ich werde Sie auch weiterhin unterst\u00fctzen, so lange ich es kann.<\/div>\n<div><\/div>\n<div><\/div>\n<div>Es w\u00e4re sch\u00f6n, wenn Sie uns benachrichtigen, wenn die Urne mit Bettis Asche bei Ihnen ist. Lena und ich w\u00fcrden sie dann holen kommen. Selbstverst\u00e4ndlich \u00fcbernehmen wir die Kosten f\u00fcr die Ein\u00e4scherung.<\/div>\n<div><\/div>\n<div><\/div>\n<div>Ihnen Allen herzlichen Dank und liebe Gr\u00fc\u00dfe<\/div>\n<div><\/div>\n<div><\/div>\n<div>Ihre Ursula Fels<\/div>\n<\/td>\n<\/tr>\n<\/tbody>\n<\/table>\n<table style=\"width: 100%;\" border=\"0\" cellspacing=\"1\" cellpadding=\"5\">\n<tbody>\n<tr>\n<td>\n<div><a rel=\"attachment wp-att-5986\" href=\"https:\/\/tierhof-straelen.de\/wp\/?attachment_id=5986\"><img loading=\"lazy\" decoding=\"async\" title=\"IMG_9654_Bildgr\u00f6\u00dfe_\u00e4ndern\" class=\"alignleft size-full wp-image-5986\" src=\"https:\/\/tierhof-straelen.de\/wp\/wp-content\/uploads\/IMG_9654_Bildgr\u00f6\u00dfe_\u00e4ndern.jpg\" alt=\"\" width=\"300\" height=\"353\" srcset=\"https:\/\/tierhof-straelen.de\/wp\/wp-content\/uploads\/IMG_9654_Bildgr\u00f6\u00dfe_\u00e4ndern.jpg 408w, https:\/\/tierhof-straelen.de\/wp\/wp-content\/uploads\/IMG_9654_Bildgr\u00f6\u00dfe_\u00e4ndern-255x300.jpg 255w\" sizes=\"auto, (max-width: 300px) 100vw, 300px\" \/><\/a><\/div>\n<\/td>\n<td>\n<div><span style=\"font-size: 24px;\">Betty<\/span><\/div>\n<div><span style=\"font-size: 24px;\"><br \/>\n<\/span>ist eine in 1999 geborene Sch\u00e4ferh\u00fcndin, die im Februar 2011 von der Vorbesitzerin zu uns gebracht wurde. Betty lebte auf einem angepachteten Hofgel\u00e4nde in einem Au\u00dfengehege, da der Versuch sie an das Haus zu gew\u00f6hnen scheiterte. Als das Herrchen von Betty verstorben ist, wurde die alleinige Versorgung von Betty durch das Frauchen immer schwieriger, so dass schweren Herzens nach einem Gnadenhofplatz f\u00fcr die zw\u00f6lfj\u00e4hrige H\u00fcndin gesucht wurde.<\/div>\n<div><\/div>\n<div><\/div>\n<div>Betty lebt nun bei uns gl\u00fccklich mit Neufundl\u00e4nder Aaron zusammen und hat sich entgegen allen Bef\u00fcrchtungen (einen alten Baum noch zu verpflanzen) ohne Probleme und innerhalb weniger Tage super eingelebt. Betty genie\u00dft die Hundegesellschaft und das abwechselungsreiche Tagesprogramm.<\/div>\n<\/td>\n<\/tr>\n<\/tbody>\n<\/table>\n","protected":false},"excerpt":{"rendered":"<p>Betty, geboren 1999, gestorben am 21. Februar 2012 Ein Schmetterling geht auf die Reise, ganz heimlich still und leise. Der Wind weht dich immer weiter fort, du bist nun an einem anderen Ort. Die Stunde an diesem jenen Tag, hat uns zur Verzweiflung gebracht. Du solltest keine Schmerzen mehr haben, das k\u00f6nnten wir nicht ertragen. [&hellip;]<\/p>\n","protected":false},"author":1,"featured_media":0,"comment_status":"open","ping_status":"open","sticky":false,"template":"","format":"standard","meta":{"_uag_custom_page_level_css":"","ngg_post_thumbnail":0,"footnotes":""},"categories":[14],"tags":[],"class_list":["post-5983","post","type-post","status-publish","format-standard","hentry","category-memories"],"uagb_featured_image_src":{"full":false,"thumbnail":false,"medium":false,"medium_large":false,"large":false,"1536x1536":false,"2048x2048":false,"widget":false,"square":false,"featured":false,"featured_large":false,"extra_large":false,"portfolio":false,"portfolio_small":false,"gallery":false,"magazine":false,"masonry":false,"entry_with_sidebar":false,"entry_without_sidebar":false},"uagb_author_info":{"display_name":"admin","author_link":"https:\/\/tierhof-straelen.de\/wp\/?author=1"},"uagb_comment_info":1,"uagb_excerpt":"Betty, geboren 1999, gestorben am 21. Februar 2012 Ein Schmetterling geht auf die Reise, ganz heimlich still und leise. Der Wind weht dich immer weiter fort, du bist nun an einem anderen Ort. Die Stunde an diesem jenen Tag, hat uns zur Verzweiflung gebracht. Du solltest keine Schmerzen mehr haben, das k\u00f6nnten wir nicht ertragen.&hellip;","_links":{"self":[{"href":"https:\/\/tierhof-straelen.de\/wp\/index.php?rest_route=\/wp\/v2\/posts\/5983","targetHints":{"allow":["GET"]}}],"collection":[{"href":"https:\/\/tierhof-straelen.de\/wp\/index.php?rest_route=\/wp\/v2\/posts"}],"about":[{"href":"https:\/\/tierhof-straelen.de\/wp\/index.php?rest_route=\/wp\/v2\/types\/post"}],"author":[{"embeddable":true,"href":"https:\/\/tierhof-straelen.de\/wp\/index.php?rest_route=\/wp\/v2\/users\/1"}],"replies":[{"embeddable":true,"href":"https:\/\/tierhof-straelen.de\/wp\/index.php?rest_route=%2Fwp%2Fv2%2Fcomments&post=5983"}],"version-history":[{"count":123,"href":"https:\/\/tierhof-straelen.de\/wp\/index.php?rest_route=\/wp\/v2\/posts\/5983\/revisions"}],"predecessor-version":[{"id":6816,"href":"https:\/\/tierhof-straelen.de\/wp\/index.php?rest_route=\/wp\/v2\/posts\/5983\/revisions\/6816"}],"wp:attachment":[{"href":"https:\/\/tierhof-straelen.de\/wp\/index.php?rest_route=%2Fwp%2Fv2%2Fmedia&parent=5983"}],"wp:term":[{"taxonomy":"category","embeddable":true,"href":"https:\/\/tierhof-straelen.de\/wp\/index.php?rest_route=%2Fwp%2Fv2%2Fcategories&post=5983"},{"taxonomy":"post_tag","embeddable":true,"href":"https:\/\/tierhof-straelen.de\/wp\/index.php?rest_route=%2Fwp%2Fv2%2Ftags&post=5983"}],"curies":[{"name":"wp","href":"https:\/\/api.w.org\/{rel}","templated":true}]}}