{"id":6423,"date":"2012-01-11T08:22:55","date_gmt":"2012-01-11T08:22:55","guid":{"rendered":"http:\/\/tierhof-straelen.de\/wp\/?p=6423"},"modified":"2012-01-11T08:30:09","modified_gmt":"2012-01-11T08:30:09","slug":"tierqualerei-in-thuringen","status":"publish","type":"post","link":"https:\/\/tierhof-straelen.de\/wp\/?p=6423","title":{"rendered":"Tierqu\u00e4lerei in Th\u00fcringen"},"content":{"rendered":"<table style=\"width: 100%;\" border=\"0\" cellspacing=\"1\" cellpadding=\"5\">\n<tbody>\n<tr>\n<td>\u00a0<\/p>\n<p><a rel=\"attachment wp-att-6429\" href=\"https:\/\/tierhof-straelen.de\/wp\/?attachment_id=6429\"><img loading=\"lazy\" decoding=\"async\" class=\"alignleft size-full wp-image-6429\" title=\"Laguna\" src=\"https:\/\/tierhof-straelen.de\/wp\/wp-content\/uploads\/Laguna.bmp\" alt=\"\" width=\"200\" height=\"116\" \/><\/a><\/p>\n<p><a rel=\"attachment wp-att-6428\" href=\"https:\/\/tierhof-straelen.de\/wp\/?attachment_id=6428\"><img loading=\"lazy\" decoding=\"async\" class=\"alignleft size-full wp-image-6428\" title=\"Armbrust\" src=\"https:\/\/tierhof-straelen.de\/wp\/wp-content\/uploads\/Armbrust.bmp\" alt=\"\" width=\"200\" height=\"113\" \/><\/a><\/p>\n<p><a rel=\"attachment wp-att-6430\" href=\"https:\/\/tierhof-straelen.de\/wp\/?attachment_id=6430\"><img loading=\"lazy\" decoding=\"async\" class=\"alignleft size-full wp-image-6430\" title=\"Pfeil\" src=\"https:\/\/tierhof-straelen.de\/wp\/wp-content\/uploads\/Pfeil.bmp\" alt=\"\" width=\"200\" height=\"113\" \/><\/a><\/td>\n<td>Kripo live | 08.01.2012 | 19:50 Uhr : Tierqu\u00e4lerei in Th\u00fcringen<\/p>\n<p>Ein unbekannter T\u00e4ter hat im Oktober und Dezember 2011 in mehreren kleinen Ortschaften in Th\u00fcringen Tiere gequ\u00e4lt und teilweise get\u00f6tet. Angesichts der Brutalit\u00e4t der Vorf\u00e4lle gehen die Ermittler von einem m\u00e4nnlichen T\u00e4ter aus. Offenbar ist er psychisch gest\u00f6rt.<\/p>\n<p>Das Tatfahrzeug: ein roter Renault Laguna 1 Grand Tour.In der Nacht vom 7. zum 8. Oktober 2011 f\u00e4hrt der Unbekannte in Vollradisroda bei Jena mit seinem Auto einen Weidezaun um und rast in eine Schafherde. Acht Schafe verenden qualvoll.<\/p>\n<p>Bei der Tatortbesichtigung finden Beamte neben Reifenspuren einen Nebelscheinwerfer sowie die Abdeckklappe einer Sto\u00dfstange. Bei dem Tatfahrzeug handelt es sich um einen roten Renault Laguna 1 Grand Tour, m\u00f6glicherweise nicht angemeldet.<\/p>\n<p>Zwei Monate sp\u00e4ter wird der Unbekannte erneut aktiv. In der Nacht vom 14. zum 15. Dezember 2011 schie\u00dft er am Ortsrand von D\u00f6britschen auf Pferde, die auf der Koppel stehen. Mit einer Armbrust setzt er einen Pfeil ab und verletzt einen Hengst an der linken Schulter. Einem Pferd in G\u00f6ttern f\u00fcgt er eine Fleischwunde an der rechten Bauchseite zu.<\/p>\n<p>Dieser Pfeil traf die Tiere.Zwischen den Tatorten Vollradisroda, D\u00f6britschen und G\u00f6ttern liegen jeweils nur wenige Autominuten. Schon 2007 gab es in dieser Gegend \u00e4hnliche Vorf\u00e4lle. Die Schafherde wurde damals auf die Bahnschienen getrieben; kurze Zeit sp\u00e4ter kam der Zug. Auf die Pferde in D\u00f6britschen wurde im selben Jahr mit Druckluftwaffen geschossen. Ein Pferd verlor dabei ein Auge.<\/p>\n<p>Die Polizei schlie\u00dft einen Zusammenhang zwischen den Taten in 2007 und 2011 nicht aus.<\/p>\n<p>\u25a0Wer kann Hinweise zu den beschriebenen Straftaten geben?<br \/>\nHinweise bitte an die Kripo Weimar, Tel.: 03643 8820.<\/td>\n<\/tr>\n<\/tbody>\n<\/table>\n","protected":false},"excerpt":{"rendered":"<p>\u00a0 Kripo live | 08.01.2012 | 19:50 Uhr : Tierqu\u00e4lerei in Th\u00fcringen Ein unbekannter T\u00e4ter hat im Oktober und Dezember 2011 in mehreren kleinen Ortschaften in Th\u00fcringen Tiere gequ\u00e4lt und teilweise get\u00f6tet. Angesichts der Brutalit\u00e4t der Vorf\u00e4lle gehen die Ermittler von einem m\u00e4nnlichen T\u00e4ter aus. Offenbar ist er psychisch gest\u00f6rt. Das Tatfahrzeug: ein roter Renault [&hellip;]<\/p>\n","protected":false},"author":1,"featured_media":0,"comment_status":"open","ping_status":"open","sticky":false,"template":"","format":"standard","meta":{"_uag_custom_page_level_css":"","ngg_post_thumbnail":0,"footnotes":""},"categories":[1],"tags":[],"class_list":["post-6423","post","type-post","status-publish","format-standard","hentry","category-allgemein"],"uagb_featured_image_src":{"full":false,"thumbnail":false,"medium":false,"medium_large":false,"large":false,"1536x1536":false,"2048x2048":false,"widget":false,"square":false,"featured":false,"featured_large":false,"extra_large":false,"portfolio":false,"portfolio_small":false,"gallery":false,"magazine":false,"masonry":false,"entry_with_sidebar":false,"entry_without_sidebar":false},"uagb_author_info":{"display_name":"admin","author_link":"https:\/\/tierhof-straelen.de\/wp\/?author=1"},"uagb_comment_info":0,"uagb_excerpt":"\u00a0 Kripo live | 08.01.2012 | 19:50 Uhr : Tierqu\u00e4lerei in Th\u00fcringen Ein unbekannter T\u00e4ter hat im Oktober und Dezember 2011 in mehreren kleinen Ortschaften in Th\u00fcringen Tiere gequ\u00e4lt und teilweise get\u00f6tet. Angesichts der Brutalit\u00e4t der Vorf\u00e4lle gehen die Ermittler von einem m\u00e4nnlichen T\u00e4ter aus. Offenbar ist er psychisch gest\u00f6rt. Das Tatfahrzeug: ein roter Renault&hellip;","_links":{"self":[{"href":"https:\/\/tierhof-straelen.de\/wp\/index.php?rest_route=\/wp\/v2\/posts\/6423","targetHints":{"allow":["GET"]}}],"collection":[{"href":"https:\/\/tierhof-straelen.de\/wp\/index.php?rest_route=\/wp\/v2\/posts"}],"about":[{"href":"https:\/\/tierhof-straelen.de\/wp\/index.php?rest_route=\/wp\/v2\/types\/post"}],"author":[{"embeddable":true,"href":"https:\/\/tierhof-straelen.de\/wp\/index.php?rest_route=\/wp\/v2\/users\/1"}],"replies":[{"embeddable":true,"href":"https:\/\/tierhof-straelen.de\/wp\/index.php?rest_route=%2Fwp%2Fv2%2Fcomments&post=6423"}],"version-history":[{"count":8,"href":"https:\/\/tierhof-straelen.de\/wp\/index.php?rest_route=\/wp\/v2\/posts\/6423\/revisions"}],"predecessor-version":[{"id":6434,"href":"https:\/\/tierhof-straelen.de\/wp\/index.php?rest_route=\/wp\/v2\/posts\/6423\/revisions\/6434"}],"wp:attachment":[{"href":"https:\/\/tierhof-straelen.de\/wp\/index.php?rest_route=%2Fwp%2Fv2%2Fmedia&parent=6423"}],"wp:term":[{"taxonomy":"category","embeddable":true,"href":"https:\/\/tierhof-straelen.de\/wp\/index.php?rest_route=%2Fwp%2Fv2%2Fcategories&post=6423"},{"taxonomy":"post_tag","embeddable":true,"href":"https:\/\/tierhof-straelen.de\/wp\/index.php?rest_route=%2Fwp%2Fv2%2Ftags&post=6423"}],"curies":[{"name":"wp","href":"https:\/\/api.w.org\/{rel}","templated":true}]}}