{"id":6924,"date":"2012-02-27T11:24:09","date_gmt":"2012-02-27T11:24:09","guid":{"rendered":"http:\/\/tierhof-straelen.de\/wp\/?p=6924"},"modified":"2012-02-27T11:26:34","modified_gmt":"2012-02-27T11:26:34","slug":"wer-kennt-diesen-welpen-tierheim-hilden-bittet-um-hinweise","status":"publish","type":"post","link":"https:\/\/tierhof-straelen.de\/wp\/?p=6924","title":{"rendered":"Wer kennt diesen Welpen? Tierheim Hilden bittet um Hinweise"},"content":{"rendered":"<div><\/div>\n<table style=\"width: 100%;\" border=\"0\" cellspacing=\"1\" cellpadding=\"5\">\n<tbody>\n<tr>\n<td><a rel=\"attachment wp-att-6927\" href=\"https:\/\/tierhof-straelen.de\/wp\/?attachment_id=6927\"><img loading=\"lazy\" decoding=\"async\" title=\"DSC00035\" class=\"alignleft size-medium wp-image-6927\" src=\"https:\/\/tierhof-straelen.de\/wp\/wp-content\/uploads\/DSC00035-300x225.jpg\" alt=\"\" width=\"300\" height=\"225\" srcset=\"https:\/\/tierhof-straelen.de\/wp\/wp-content\/uploads\/DSC00035-300x225.jpg 300w, https:\/\/tierhof-straelen.de\/wp\/wp-content\/uploads\/DSC00035-1024x768.jpg 1024w\" sizes=\"auto, (max-width: 300px) 100vw, 300px\" \/><\/a><\/p>\n<div><\/div>\n<div><\/div>\n<div><a rel=\"attachment wp-att-6928\" href=\"https:\/\/tierhof-straelen.de\/wp\/?attachment_id=6928\"><img loading=\"lazy\" decoding=\"async\" title=\"DSC00038-300x225\" class=\"alignleft size-full wp-image-6928\" src=\"https:\/\/tierhof-straelen.de\/wp\/wp-content\/uploads\/DSC00038-300x225.jpg\" alt=\"\" width=\"300\" height=\"225\" \/><\/a><\/div>\n<\/td>\n<td>Paul wurde morgens im Tierheim abgegeben. Eine Frau hatte ihn zwei Tage zuvor im Krankenhauspark in Haan gefunden. Er lag dort im Geb\u00fcsch. Der arme Kerl hatte einen dicken Bauch. Aber nicht einen solchen der auf eine gute Ern\u00e4hrung deutete, sondern eher f\u00fcr Luft im Bauch oder W\u00fcrmer. Ansonsten war er mager.<\/p>\n<div>Paul kam sofort zu unserer Tier\u00e4rztin, welche uns aber sehr schnell anrief und bat, ihn in die Tierklinik zu bringen. Ich nahm Paul unter die Jacke, denn er suchte W\u00e4rme. In der Klinik angekommen wurde er ger\u00f6ntgt und Ultraschall gemacht, es wurde versucht bei ihm Fieber zu messen, doch dies ging nicht. Es bestand aber die Hoffnung, dass er mit Medikamenten, Massagen und W\u00e4rme weiterleben k\u00f6nnte. Nachdem er aber immer wieder versuchte Kot abzusetzen und es nicht klappte, ging Paul wieder mit mir zur Tierklinik. Und dann kam die niederschmetternde Diagnose, dass man Paul nicht mehr helfen kann. Paul wurde in meinen Armen eingeschl\u00e4fert. Er wurde nur 4-5 Wochen alt. Ich bin traurig und w\u00fctend zugleich.<\/div>\n<div>Wie herzlos muss jemand sein, ein Lebewesen so leiden zu lassen. Wieso geht man nicht zum Tierarzt. Meine Angst ist es nun, dass es noch weitere Welpen gibt und diese auch in einem milde ausgedr\u00fcckt nicht optimalen Zustand sind. Bitte retten Sie die anderen Welpen und teilen mir mit, wo sie sind. Wer hat eine H\u00fcndin mit stark ausgepr\u00e4gten Ges\u00e4uge gesehen und weis wo sie lebt. Ich werde dem Besitzer die M\u00f6glichkeit geben, innerhalb der n\u00e4chsten Tage Kontakt zu mir aufzunehmen. Sollte dies nicht der Fall sein, schalte ich die Staatsanwaltschaft ein! Die Staatsanwaltschaft arbeitet sehr gr\u00fcndlich und eine Chance der Aufkl\u00e4rung ist recht hoch.<\/div>\n<div>Meine Email-Adresse lautet <a href=\"mailto:sandra.kuschewski@tierheim-hilden-ev.de\">sandra.kuschewski@tierheim-hilden-ev.de<\/a> . Hinweise k\u00f6nnen auch anonym gemeldet werden. Traurige Gr\u00fc\u00dfe, Ihre Sandra Kuschewski<\/div>\n<\/td>\n<\/tr>\n<\/tbody>\n<\/table>\n","protected":false},"excerpt":{"rendered":"<p>Paul wurde morgens im Tierheim abgegeben. Eine Frau hatte ihn zwei Tage zuvor im Krankenhauspark in Haan gefunden. Er lag dort im Geb\u00fcsch. Der arme Kerl hatte einen dicken Bauch. Aber nicht einen solchen der auf eine gute Ern\u00e4hrung deutete, sondern eher f\u00fcr Luft im Bauch oder W\u00fcrmer. Ansonsten war er mager. Paul kam sofort [&hellip;]<\/p>\n","protected":false},"author":1,"featured_media":0,"comment_status":"open","ping_status":"open","sticky":false,"template":"","format":"standard","meta":{"_uag_custom_page_level_css":"","ngg_post_thumbnail":0,"footnotes":""},"categories":[1],"tags":[],"class_list":["post-6924","post","type-post","status-publish","format-standard","hentry","category-allgemein"],"uagb_featured_image_src":{"full":false,"thumbnail":false,"medium":false,"medium_large":false,"large":false,"1536x1536":false,"2048x2048":false,"widget":false,"square":false,"featured":false,"featured_large":false,"extra_large":false,"portfolio":false,"portfolio_small":false,"gallery":false,"magazine":false,"masonry":false,"entry_with_sidebar":false,"entry_without_sidebar":false},"uagb_author_info":{"display_name":"admin","author_link":"https:\/\/tierhof-straelen.de\/wp\/?author=1"},"uagb_comment_info":0,"uagb_excerpt":"Paul wurde morgens im Tierheim abgegeben. Eine Frau hatte ihn zwei Tage zuvor im Krankenhauspark in Haan gefunden. Er lag dort im Geb\u00fcsch. Der arme Kerl hatte einen dicken Bauch. Aber nicht einen solchen der auf eine gute Ern\u00e4hrung deutete, sondern eher f\u00fcr Luft im Bauch oder W\u00fcrmer. Ansonsten war er mager. Paul kam sofort&hellip;","_links":{"self":[{"href":"https:\/\/tierhof-straelen.de\/wp\/index.php?rest_route=\/wp\/v2\/posts\/6924","targetHints":{"allow":["GET"]}}],"collection":[{"href":"https:\/\/tierhof-straelen.de\/wp\/index.php?rest_route=\/wp\/v2\/posts"}],"about":[{"href":"https:\/\/tierhof-straelen.de\/wp\/index.php?rest_route=\/wp\/v2\/types\/post"}],"author":[{"embeddable":true,"href":"https:\/\/tierhof-straelen.de\/wp\/index.php?rest_route=\/wp\/v2\/users\/1"}],"replies":[{"embeddable":true,"href":"https:\/\/tierhof-straelen.de\/wp\/index.php?rest_route=%2Fwp%2Fv2%2Fcomments&post=6924"}],"version-history":[{"count":19,"href":"https:\/\/tierhof-straelen.de\/wp\/index.php?rest_route=\/wp\/v2\/posts\/6924\/revisions"}],"predecessor-version":[{"id":6945,"href":"https:\/\/tierhof-straelen.de\/wp\/index.php?rest_route=\/wp\/v2\/posts\/6924\/revisions\/6945"}],"wp:attachment":[{"href":"https:\/\/tierhof-straelen.de\/wp\/index.php?rest_route=%2Fwp%2Fv2%2Fmedia&parent=6924"}],"wp:term":[{"taxonomy":"category","embeddable":true,"href":"https:\/\/tierhof-straelen.de\/wp\/index.php?rest_route=%2Fwp%2Fv2%2Fcategories&post=6924"},{"taxonomy":"post_tag","embeddable":true,"href":"https:\/\/tierhof-straelen.de\/wp\/index.php?rest_route=%2Fwp%2Fv2%2Ftags&post=6924"}],"curies":[{"name":"wp","href":"https:\/\/api.w.org\/{rel}","templated":true}]}}