{"id":6962,"date":"2012-02-28T07:45:30","date_gmt":"2012-02-28T07:45:30","guid":{"rendered":"http:\/\/tierhof-straelen.de\/wp\/?p=6962"},"modified":"2012-02-28T07:45:30","modified_gmt":"2012-02-28T07:45:30","slug":"tierqualer-gesucht-welpe-erlag-seinen-verletzungen","status":"publish","type":"post","link":"https:\/\/tierhof-straelen.de\/wp\/?p=6962","title":{"rendered":"Tierqu\u00e4ler gesucht &#8211; Welpe erlag seinen Verletzungen"},"content":{"rendered":"<table style=\"width: 100%;\" border=\"0\" cellspacing=\"1\" cellpadding=\"5\">\n<tbody>\n<tr>\n<td><a rel=\"attachment wp-att-6968\" href=\"https:\/\/tierhof-straelen.de\/wp\/?attachment_id=6968\"><img loading=\"lazy\" decoding=\"async\" title=\"11704090,9577719,highRes,maxh,480,maxw,480,XXB06A_71-31548019_ori_jpg\" class=\"alignleft size-medium wp-image-6968\" src=\"https:\/\/tierhof-straelen.de\/wp\/wp-content\/uploads\/117040909577719highResmaxh480maxw480XXB06A_71-31548019_ori_jpg-300x225.jpg\" alt=\"\" width=\"300\" height=\"225\" srcset=\"https:\/\/tierhof-straelen.de\/wp\/wp-content\/uploads\/117040909577719highResmaxh480maxw480XXB06A_71-31548019_ori_jpg-300x225.jpg 300w, https:\/\/tierhof-straelen.de\/wp\/wp-content\/uploads\/117040909577719highResmaxh480maxw480XXB06A_71-31548019_ori_jpg.jpg 480w\" sizes=\"auto, (max-width: 300px) 100vw, 300px\" \/><\/a><\/td>\n<td>Bonn \u2013 Wie k\u00f6nnen Menschen nur so grausam sein! Gerade mal gesch\u00e4tzte drei Wochen war ein Hundebaby alt, das eine Passantin in einem Karton neben einem Glascontainer fand \u2013 weggeworfen wie M\u00fcll!<\/p>\n<div><\/div>\n<div>Am Unterleib hatte die kleine H\u00fcndin schlimme Verletzungen, eine tiefe Wunde zog sich \u00fcber den Genitalbereich.<\/div>\n<div>&#8230;<br \/>\nUm den Fall aufzukl\u00e4ren, bittet das Tierheim um Hinweise (auch anonym) an Tel. 0228\/636995.<\/div>\n<div><\/div>\n<div><a href=\"http:\/\/www.express.de\/bonn\/suche-nach-tierquaeler-welpe-starb-an-seinen-verletzungen,2860,11704070.html\" target=\"_blank\">Weiterlesen<br \/>\n<\/a><\/div>\n<\/td>\n<\/tr>\n<\/tbody>\n<\/table>\n","protected":false},"excerpt":{"rendered":"<p>Bonn \u2013 Wie k\u00f6nnen Menschen nur so grausam sein! Gerade mal gesch\u00e4tzte drei Wochen war ein Hundebaby alt, das eine Passantin in einem Karton neben einem Glascontainer fand \u2013 weggeworfen wie M\u00fcll! Am Unterleib hatte die kleine H\u00fcndin schlimme Verletzungen, eine tiefe Wunde zog sich \u00fcber den Genitalbereich. &#8230; Um den Fall aufzukl\u00e4ren, bittet das [&hellip;]<\/p>\n","protected":false},"author":1,"featured_media":0,"comment_status":"open","ping_status":"open","sticky":false,"template":"","format":"standard","meta":{"_uag_custom_page_level_css":"","ngg_post_thumbnail":0,"footnotes":""},"categories":[3],"tags":[],"class_list":["post-6962","post","type-post","status-publish","format-standard","hentry","category-aktuelle-presse"],"uagb_featured_image_src":{"full":false,"thumbnail":false,"medium":false,"medium_large":false,"large":false,"1536x1536":false,"2048x2048":false,"widget":false,"square":false,"featured":false,"featured_large":false,"extra_large":false,"portfolio":false,"portfolio_small":false,"gallery":false,"magazine":false,"masonry":false,"entry_with_sidebar":false,"entry_without_sidebar":false},"uagb_author_info":{"display_name":"admin","author_link":"https:\/\/tierhof-straelen.de\/wp\/?author=1"},"uagb_comment_info":0,"uagb_excerpt":"Bonn \u2013 Wie k\u00f6nnen Menschen nur so grausam sein! Gerade mal gesch\u00e4tzte drei Wochen war ein Hundebaby alt, das eine Passantin in einem Karton neben einem Glascontainer fand \u2013 weggeworfen wie M\u00fcll! Am Unterleib hatte die kleine H\u00fcndin schlimme Verletzungen, eine tiefe Wunde zog sich \u00fcber den Genitalbereich. &#8230; Um den Fall aufzukl\u00e4ren, bittet das&hellip;","_links":{"self":[{"href":"https:\/\/tierhof-straelen.de\/wp\/index.php?rest_route=\/wp\/v2\/posts\/6962","targetHints":{"allow":["GET"]}}],"collection":[{"href":"https:\/\/tierhof-straelen.de\/wp\/index.php?rest_route=\/wp\/v2\/posts"}],"about":[{"href":"https:\/\/tierhof-straelen.de\/wp\/index.php?rest_route=\/wp\/v2\/types\/post"}],"author":[{"embeddable":true,"href":"https:\/\/tierhof-straelen.de\/wp\/index.php?rest_route=\/wp\/v2\/users\/1"}],"replies":[{"embeddable":true,"href":"https:\/\/tierhof-straelen.de\/wp\/index.php?rest_route=%2Fwp%2Fv2%2Fcomments&post=6962"}],"version-history":[{"count":15,"href":"https:\/\/tierhof-straelen.de\/wp\/index.php?rest_route=\/wp\/v2\/posts\/6962\/revisions"}],"predecessor-version":[{"id":6978,"href":"https:\/\/tierhof-straelen.de\/wp\/index.php?rest_route=\/wp\/v2\/posts\/6962\/revisions\/6978"}],"wp:attachment":[{"href":"https:\/\/tierhof-straelen.de\/wp\/index.php?rest_route=%2Fwp%2Fv2%2Fmedia&parent=6962"}],"wp:term":[{"taxonomy":"category","embeddable":true,"href":"https:\/\/tierhof-straelen.de\/wp\/index.php?rest_route=%2Fwp%2Fv2%2Fcategories&post=6962"},{"taxonomy":"post_tag","embeddable":true,"href":"https:\/\/tierhof-straelen.de\/wp\/index.php?rest_route=%2Fwp%2Fv2%2Ftags&post=6962"}],"curies":[{"name":"wp","href":"https:\/\/api.w.org\/{rel}","templated":true}]}}