{"id":7695,"date":"2012-06-12T18:19:57","date_gmt":"2012-06-12T18:19:57","guid":{"rendered":"http:\/\/tierhof-straelen.de\/wp\/?p=7695"},"modified":"2012-06-12T18:20:37","modified_gmt":"2012-06-12T18:20:37","slug":"freiheitsstrafen-auf-bewahrung-und-auflagen-fur-ehepaar-b-aus-dorrieloh","status":"publish","type":"post","link":"https:\/\/tierhof-straelen.de\/wp\/?p=7695","title":{"rendered":"Freiheitsstrafen auf Bew\u00e4hrung und Auflagen f\u00fcr Ehepaar B. aus D\u00f6rrieloh"},"content":{"rendered":"<table border=\"0\" cellpadding=\"1\" cellspacing=\"1\" style=\"width: 100%;\">\n<tbody>\n<tr>\n<td>D&Ouml;RRIELOH &#8211; Von Sylvia Wendt &middot; Ein Jahr Freiheitsstrafe f&uuml;r Karlheinz B. und ein Jahr und acht Monate f&uuml;r Ehefrau Barbara, beides ausgesetzt auf f&uuml;nf Jahre zur Bew&auml;hrung. Das Ehepaar, das des Versto&szlig;es gegen das Tierschutzgesetz angeklagt war, hat auch ein f&uuml;nf Jahre geltendes Halteverbot f&uuml;r Hunde und Katzen auferlegt bekommen. weiterlesen <a href=\"http:\/\/www.kreiszeitung.de\/nachrichten\/landkreis-diepholz\/sulingen\/eine-letzte-chance-2349982.html\" target=\"_blank\">Kreiszeitung.de<\/a><\/td>\n<\/tr>\n<\/tbody>\n<\/table>\n","protected":false},"excerpt":{"rendered":"<p>D&Ouml;RRIELOH &#8211; Von Sylvia Wendt &middot; Ein Jahr Freiheitsstrafe f&uuml;r Karlheinz B. und ein Jahr und acht Monate f&uuml;r Ehefrau Barbara, beides ausgesetzt auf f&uuml;nf Jahre zur Bew&auml;hrung. Das Ehepaar, das des Versto&szlig;es gegen das Tierschutzgesetz angeklagt war, hat auch ein f&uuml;nf Jahre geltendes Halteverbot f&uuml;r Hunde und Katzen auferlegt bekommen. weiterlesen Kreiszeitung.de<\/p>\n","protected":false},"author":1,"featured_media":0,"comment_status":"open","ping_status":"open","sticky":false,"template":"","format":"standard","meta":{"_uag_custom_page_level_css":"","ngg_post_thumbnail":0,"footnotes":""},"categories":[3],"tags":[],"class_list":["post-7695","post","type-post","status-publish","format-standard","hentry","category-aktuelle-presse"],"uagb_featured_image_src":{"full":false,"thumbnail":false,"medium":false,"medium_large":false,"large":false,"1536x1536":false,"2048x2048":false,"widget":false,"square":false,"featured":false,"featured_large":false,"extra_large":false,"portfolio":false,"portfolio_small":false,"gallery":false,"magazine":false,"masonry":false,"entry_with_sidebar":false,"entry_without_sidebar":false},"uagb_author_info":{"display_name":"admin","author_link":"https:\/\/tierhof-straelen.de\/wp\/?author=1"},"uagb_comment_info":0,"uagb_excerpt":"D&Ouml;RRIELOH &#8211; Von Sylvia Wendt &middot; Ein Jahr Freiheitsstrafe f&uuml;r Karlheinz B. und ein Jahr und acht Monate f&uuml;r Ehefrau Barbara, beides ausgesetzt auf f&uuml;nf Jahre zur Bew&auml;hrung. Das Ehepaar, das des Versto&szlig;es gegen das Tierschutzgesetz angeklagt war, hat auch ein f&uuml;nf Jahre geltendes Halteverbot f&uuml;r Hunde und Katzen auferlegt bekommen. weiterlesen Kreiszeitung.de","_links":{"self":[{"href":"https:\/\/tierhof-straelen.de\/wp\/index.php?rest_route=\/wp\/v2\/posts\/7695","targetHints":{"allow":["GET"]}}],"collection":[{"href":"https:\/\/tierhof-straelen.de\/wp\/index.php?rest_route=\/wp\/v2\/posts"}],"about":[{"href":"https:\/\/tierhof-straelen.de\/wp\/index.php?rest_route=\/wp\/v2\/types\/post"}],"author":[{"embeddable":true,"href":"https:\/\/tierhof-straelen.de\/wp\/index.php?rest_route=\/wp\/v2\/users\/1"}],"replies":[{"embeddable":true,"href":"https:\/\/tierhof-straelen.de\/wp\/index.php?rest_route=%2Fwp%2Fv2%2Fcomments&post=7695"}],"version-history":[{"count":3,"href":"https:\/\/tierhof-straelen.de\/wp\/index.php?rest_route=\/wp\/v2\/posts\/7695\/revisions"}],"predecessor-version":[{"id":7698,"href":"https:\/\/tierhof-straelen.de\/wp\/index.php?rest_route=\/wp\/v2\/posts\/7695\/revisions\/7698"}],"wp:attachment":[{"href":"https:\/\/tierhof-straelen.de\/wp\/index.php?rest_route=%2Fwp%2Fv2%2Fmedia&parent=7695"}],"wp:term":[{"taxonomy":"category","embeddable":true,"href":"https:\/\/tierhof-straelen.de\/wp\/index.php?rest_route=%2Fwp%2Fv2%2Fcategories&post=7695"},{"taxonomy":"post_tag","embeddable":true,"href":"https:\/\/tierhof-straelen.de\/wp\/index.php?rest_route=%2Fwp%2Fv2%2Ftags&post=7695"}],"curies":[{"name":"wp","href":"https:\/\/api.w.org\/{rel}","templated":true}]}}