{"id":9785,"date":"2014-01-13T13:25:03","date_gmt":"2014-01-13T13:25:03","guid":{"rendered":"http:\/\/tierhof-straelen.de\/wp\/?p=9785"},"modified":"2014-01-13T13:25:40","modified_gmt":"2014-01-13T13:25:40","slug":"neujahrsgruse-ole-und-rex","status":"publish","type":"post","link":"https:\/\/tierhof-straelen.de\/wp\/?p=9785","title":{"rendered":"Neujahrsgr\u00fc\u00dfe &#8222;\u00d6le&#8220; und &#8222;Rex&#8220;"},"content":{"rendered":"<p><a href=\"https:\/\/tierhof-straelen.de\/wp\/?attachment_id=9788\" rel=\"attachment wp-att-9788\"><img loading=\"lazy\" decoding=\"async\" align=\"left\" alt=\"\" class=\"alignleft size-full wp-image-9788\" height=\"468\" hspace=\"10\" src=\"https:\/\/tierhof-straelen.de\/wp\/wp-content\/uploads\/charity-fuer-tiere_gl\u00fccksf\u00e4lle_ole_rex.jpg\" title=\"charity-fuer-tiere_gl\u00fccksf\u00e4lle_ole_rex\" width=\"351\" srcset=\"https:\/\/tierhof-straelen.de\/wp\/wp-content\/uploads\/charity-fuer-tiere_gl\u00fccksf\u00e4lle_ole_rex.jpg 351w, https:\/\/tierhof-straelen.de\/wp\/wp-content\/uploads\/charity-fuer-tiere_gl\u00fccksf\u00e4lle_ole_rex-225x300.jpg 225w\" sizes=\"auto, (max-width: 351px) 100vw, 351px\" \/><\/a>&quot;Frohes neues Jahr w&uuml;nschen &Ouml;le und Rex!&quot;<\/p>\n<p><a href=\"https:\/\/tierhof-straelen.de\/wp\/?p=5076\">&quot;Chicco &ndash; jetzt Ole&quot;<br \/>\n\t<\/a><\/p>\n<p>&nbsp;<\/p>\n<p>&nbsp;<\/p>\n<p>&nbsp;<\/p>\n<p>&nbsp;<\/p>\n<p>&nbsp;<\/p>\n<p>&nbsp;<\/p>\n<p>&nbsp;<\/p>\n<p>&nbsp;<\/p>\n<p>&nbsp;<\/p>\n<p>&nbsp;<\/p>\n<p>&nbsp;<\/p>\n<p>&nbsp;<\/p>\n<p>&nbsp;<\/p>\n<p>&nbsp;<\/p>\n","protected":false},"excerpt":{"rendered":"<p>&quot;Frohes neues Jahr w&uuml;nschen &Ouml;le und Rex!&quot; &quot;Chicco &ndash; jetzt Ole&quot; &nbsp; &nbsp; &nbsp; &nbsp; &nbsp; &nbsp; &nbsp; &nbsp; &nbsp; &nbsp; &nbsp; &nbsp; &nbsp; &nbsp;<\/p>\n","protected":false},"author":1,"featured_media":0,"comment_status":"open","ping_status":"open","sticky":false,"template":"","format":"standard","meta":{"_uag_custom_page_level_css":"","ngg_post_thumbnail":0,"footnotes":""},"categories":[1],"tags":[],"class_list":["post-9785","post","type-post","status-publish","format-standard","hentry","category-allgemein"],"uagb_featured_image_src":{"full":false,"thumbnail":false,"medium":false,"medium_large":false,"large":false,"1536x1536":false,"2048x2048":false,"widget":false,"square":false,"featured":false,"featured_large":false,"extra_large":false,"portfolio":false,"portfolio_small":false,"gallery":false,"magazine":false,"masonry":false,"entry_with_sidebar":false,"entry_without_sidebar":false},"uagb_author_info":{"display_name":"admin","author_link":"https:\/\/tierhof-straelen.de\/wp\/?author=1"},"uagb_comment_info":0,"uagb_excerpt":"&quot;Frohes neues Jahr w&uuml;nschen &Ouml;le und Rex!&quot; &quot;Chicco &ndash; jetzt Ole&quot; &nbsp; &nbsp; &nbsp; &nbsp; &nbsp; &nbsp; &nbsp; &nbsp; &nbsp; &nbsp; &nbsp; &nbsp; &nbsp; &nbsp;","_links":{"self":[{"href":"https:\/\/tierhof-straelen.de\/wp\/index.php?rest_route=\/wp\/v2\/posts\/9785","targetHints":{"allow":["GET"]}}],"collection":[{"href":"https:\/\/tierhof-straelen.de\/wp\/index.php?rest_route=\/wp\/v2\/posts"}],"about":[{"href":"https:\/\/tierhof-straelen.de\/wp\/index.php?rest_route=\/wp\/v2\/types\/post"}],"author":[{"embeddable":true,"href":"https:\/\/tierhof-straelen.de\/wp\/index.php?rest_route=\/wp\/v2\/users\/1"}],"replies":[{"embeddable":true,"href":"https:\/\/tierhof-straelen.de\/wp\/index.php?rest_route=%2Fwp%2Fv2%2Fcomments&post=9785"}],"version-history":[{"count":13,"href":"https:\/\/tierhof-straelen.de\/wp\/index.php?rest_route=\/wp\/v2\/posts\/9785\/revisions"}],"predecessor-version":[{"id":9799,"href":"https:\/\/tierhof-straelen.de\/wp\/index.php?rest_route=\/wp\/v2\/posts\/9785\/revisions\/9799"}],"wp:attachment":[{"href":"https:\/\/tierhof-straelen.de\/wp\/index.php?rest_route=%2Fwp%2Fv2%2Fmedia&parent=9785"}],"wp:term":[{"taxonomy":"category","embeddable":true,"href":"https:\/\/tierhof-straelen.de\/wp\/index.php?rest_route=%2Fwp%2Fv2%2Fcategories&post=9785"},{"taxonomy":"post_tag","embeddable":true,"href":"https:\/\/tierhof-straelen.de\/wp\/index.php?rest_route=%2Fwp%2Fv2%2Ftags&post=9785"}],"curies":[{"name":"wp","href":"https:\/\/api.w.org\/{rel}","templated":true}]}}